{"id":6589,"date":"2024-03-04T09:45:09","date_gmt":"2024-03-04T09:45:09","guid":{"rendered":"https:\/\/areabadalona.com\/diario\/?p=6589"},"modified":"2024-03-05T09:45:58","modified_gmt":"2024-03-05T09:45:58","slug":"lajuntament-contracta-45-persones-en-situacio-datur-dels-barris-de-la-zona-sud-de-badalona","status":"publish","type":"post","link":"https:\/\/areabadalona.com\/diario\/2024\/03\/04\/lajuntament-contracta-45-persones-en-situacio-datur-dels-barris-de-la-zona-sud-de-badalona\/","title":{"rendered":"L\u2019Ajuntament contracta 45 persones en situaci\u00f3 d\u2019atur dels barris de la zona sud de Badalona"},"content":{"rendered":"\n<p>L\u2019Ajuntament de Badalona, a trav\u00e9s del servei Impuls Municipal de Promoci\u00f3 de l\u2019Ocupaci\u00f3 (IMPO), seleccionar\u00e0 i contractar\u00e0 durant aquest mes de mar\u00e7 i per a un per\u00edode de sis mesos 34 persones aturades mitjan\u00e7ant el programa d\u2019experi\u00e8ncia laboral de \u201cTreball als barris\u201d. Les persones contractades s\u2019encarregaran d\u2019intervenir en projectes de condicionament d\u2019espais p\u00fablics, edificis municipals i refor\u00e7 dels serveis socials i culturals de la zona sud de Badalona. Actualment ja hi ha 11 persones contractades en el marc d\u2019aquest programa que treballen en el condicionament dels espais verds dels barris del sud de la ciutat.<\/p>\n\n\n\n<p>Les persones que podran beneficiar-se del programa han de ser residents als barris de la Pau, la Salut, Llefi\u00e0, Sant Roc, el Remei i Artigues, i han d&#8217;estar inscrites com a aturades. Est\u00e0 prevista la contractaci\u00f3 des de l\u20191 de maig fins al 31 d\u2019octubre de 2024.<\/p>\n\n\n\n<p>Entre els dies 12 i 14 de mar\u00e7, el servei Impuls Municipal de Promoci\u00f3 de l\u2019Ocupaci\u00f3 de l\u2019Ajuntament de Badalona (IMPO) es posar\u00e0 en contacte amb aquelles persones que compleixin amb els requisits administratius i amb el perfil del lloc de treball, segons les dades facilitades per les Oficines de Treball del municipi, per tal d\u2019informar-los de les indicacions del proc\u00e9s de selecci\u00f3.<\/p>\n\n\n\n<p>Per a qualsevol consulta referent a aquesta convocat\u00f2ria podeu trucar al tel\u00e8fon 93 460 52 00, de 9 a 14 hores, fins al 8 de mar\u00e7 de 2024.<\/p>\n\n\n\n<p>Aquest programa \u00e9s finan\u00e7at pel Servei P\u00fablic d\u2019Ocupaci\u00f3 de Catalunya i el Ministerio de Trabajo y Econom\u00eda Social &#8211; Servicio P\u00fablico de Empleo.<\/p>\n\n\n\n<p>Per a m\u00e9s informaci\u00f3:<\/p>\n\n\n\n<p><a href=\"https:\/\/www.badalona.cat\/ca\/serveis-ajuntament\/ocupacio\/plans-docupacio\/pla-docupacio-treball-als-barris-22-23\">https:\/\/www.badalona.cat\/ca\/serveis-ajuntament\/ocupacio\/plans-docupacio\/pla-docupacio-treball-als-barris-22-23<\/a><\/p>\n","protected":false},"excerpt":{"rendered":"<p>L\u2019Ajuntament de Badalona, a trav\u00e9s del servei Impuls Municipal de Promoci\u00f3 de l\u2019Ocupaci\u00f3 (IMPO), seleccionar\u00e0 i contractar\u00e0 durant aquest mes de mar\u00e7 i per a un per\u00edode de sis mesos 34 persones aturades mitjan\u00e7ant el programa d\u2019experi\u00e8ncia laboral de \u201cTreball als barris\u201d. Les persones contractades s\u2019encarregaran d\u2019intervenir en projectes de condicionament d\u2019espais p\u00fablics, edificis municipals [&hellip;]<\/p>\n","protected":false},"author":2,"featured_media":6590,"comment_status":"open","ping_status":"open","sticky":false,"template":"","format":"standard","meta":{"footnotes":""},"categories":[23,24],"tags":[],"class_list":{"0":"post-6589","1":"post","2":"type-post","3":"status-publish","4":"format-standard","5":"has-post-thumbnail","7":"category-actualitat","8":"category-societat"},"_links":{"self":[{"href":"https:\/\/areabadalona.com\/diario\/wp-json\/wp\/v2\/posts\/6589","targetHints":{"allow":["GET"]}}],"collection":[{"href":"https:\/\/areabadalona.com\/diario\/wp-json\/wp\/v2\/posts"}],"about":[{"href":"https:\/\/areabadalona.com\/diario\/wp-json\/wp\/v2\/types\/post"}],"author":[{"embeddable":true,"href":"https:\/\/areabadalona.com\/diario\/wp-json\/wp\/v2\/users\/2"}],"replies":[{"embeddable":true,"href":"https:\/\/areabadalona.com\/diario\/wp-json\/wp\/v2\/comments?post=6589"}],"version-history":[{"count":1,"href":"https:\/\/areabadalona.com\/diario\/wp-json\/wp\/v2\/posts\/6589\/revisions"}],"predecessor-version":[{"id":6591,"href":"https:\/\/areabadalona.com\/diario\/wp-json\/wp\/v2\/posts\/6589\/revisions\/6591"}],"wp:featuredmedia":[{"embeddable":true,"href":"https:\/\/areabadalona.com\/diario\/wp-json\/wp\/v2\/media\/6590"}],"wp:attachment":[{"href":"https:\/\/areabadalona.com\/diario\/wp-json\/wp\/v2\/media?parent=6589"}],"wp:term":[{"taxonomy":"category","embeddable":true,"href":"https:\/\/areabadalona.com\/diario\/wp-json\/wp\/v2\/categories?post=6589"},{"taxonomy":"post_tag","embeddable":true,"href":"https:\/\/areabadalona.com\/diario\/wp-json\/wp\/v2\/tags?post=6589"}],"curies":[{"name":"wp","href":"https:\/\/api.w.org\/{rel}","templated":true}]}}