{"id":6587,"date":"2024-03-04T09:42:53","date_gmt":"2024-03-04T09:42:53","guid":{"rendered":"https:\/\/areabadalona.com\/diario\/?p=6587"},"modified":"2024-03-05T09:43:32","modified_gmt":"2024-03-05T09:43:32","slug":"carrera-proposa-ubicar-una-comissaria-de-guardia-urbana-a-lantic-b9","status":"publish","type":"post","link":"https:\/\/areabadalona.com\/diario\/2024\/03\/04\/carrera-proposa-ubicar-una-comissaria-de-guardia-urbana-a-lantic-b9\/","title":{"rendered":"Carrera proposa ubicar una comissaria de Gu\u00e0rdia Urbana a l&#8217;antic B9"},"content":{"rendered":"\n<p>El president del grup del PSC Fernando Carrera ha expressat la seva preocupaci\u00f3 amb l&#8217;antic institut B9, ubicat entre el remei i Sant Roc. Actualment, es troba ocupat per m\u00e9s de 150 persones i genera un greu conflicte de seguretat. Carrera ja ha denunciat en dues ocasions la necessitat de desocupar l&#8217;espai i el govern municipal assegura que en tres mesos la situaci\u00f3 estar\u00e0 resolta. Per aquest motiu \u00e9s imprescindible tenir una alternativa en marxa per aquest espai i d&#8217;aquesta manera evitar una nova ocupaci\u00f3. Les propostes que fan els socialistes s\u00f3n:<br><br>En primer lloc, ubicar una comissaria de Gu\u00e0rdia Urbana. Consideren que l&#8217;espai \u00e9s idoni per ubicaci\u00f3, pel tipus d&#8217;equipament i perqu\u00e8 l&#8217;ajuntament disposa dels recursos necessaris. Tal com diu el president del PSC Fernando Carrera: \u00abHem estat mantenint contacte amb el Grup Socialista del Parlament de Catalunya i hem pogut constatar que una comissaria de Mossos o mixta no seria la soluci\u00f3 donat que eternitzaria la situaci\u00f3 i dependr\u00edem de tercers.\u00bb<br><br>En segon lloc, de manera provisional mentre el B9 estigui ocupat, dotar la zona d&#8217;una patrulla fixa. Es tracta d&#8217;un comprom\u00eds que el govern va verbalitzar amb els ve\u00efns, per\u00f2 que no s&#8217;est\u00e0 complint. Segons Carrera: \u00abSi no saben d&#8217;on treure la patrulla fixa jo tinc la soluci\u00f3. Que li treguin l&#8217;escorta al regidor de seguretat, que no la necessita, i la ubiquin all\u00e0. Els ve\u00efns la necessiten m\u00e9s que el regidor.\u00bb<br><br>El president ha expressat que el que necessiten els ve\u00efns de la zona \u00e9s un projecte, una dotaci\u00f3 pressupost\u00e0ria i fets palpables. No \u00e9s suficient que el govern respongui dient que l&#8217;hi sembla b\u00e9 ubicar una comissaria si no es posen a treballar a fer-ho una realitat.<\/p>\n","protected":false},"excerpt":{"rendered":"<p>El president del grup del PSC Fernando Carrera ha expressat la seva preocupaci\u00f3 amb l&#8217;antic institut B9, ubicat entre el remei i Sant Roc. Actualment, es troba ocupat per m\u00e9s de 150 persones i genera un greu conflicte de seguretat. Carrera ja ha denunciat en dues ocasions la necessitat de desocupar l&#8217;espai i el govern [&hellip;]<\/p>\n","protected":false},"author":2,"featured_media":6522,"comment_status":"open","ping_status":"open","sticky":false,"template":"","format":"standard","meta":{"footnotes":""},"categories":[23],"tags":[],"class_list":{"0":"post-6587","1":"post","2":"type-post","3":"status-publish","4":"format-standard","5":"has-post-thumbnail","7":"category-actualitat"},"_links":{"self":[{"href":"https:\/\/areabadalona.com\/diario\/wp-json\/wp\/v2\/posts\/6587","targetHints":{"allow":["GET"]}}],"collection":[{"href":"https:\/\/areabadalona.com\/diario\/wp-json\/wp\/v2\/posts"}],"about":[{"href":"https:\/\/areabadalona.com\/diario\/wp-json\/wp\/v2\/types\/post"}],"author":[{"embeddable":true,"href":"https:\/\/areabadalona.com\/diario\/wp-json\/wp\/v2\/users\/2"}],"replies":[{"embeddable":true,"href":"https:\/\/areabadalona.com\/diario\/wp-json\/wp\/v2\/comments?post=6587"}],"version-history":[{"count":1,"href":"https:\/\/areabadalona.com\/diario\/wp-json\/wp\/v2\/posts\/6587\/revisions"}],"predecessor-version":[{"id":6588,"href":"https:\/\/areabadalona.com\/diario\/wp-json\/wp\/v2\/posts\/6587\/revisions\/6588"}],"wp:featuredmedia":[{"embeddable":true,"href":"https:\/\/areabadalona.com\/diario\/wp-json\/wp\/v2\/media\/6522"}],"wp:attachment":[{"href":"https:\/\/areabadalona.com\/diario\/wp-json\/wp\/v2\/media?parent=6587"}],"wp:term":[{"taxonomy":"category","embeddable":true,"href":"https:\/\/areabadalona.com\/diario\/wp-json\/wp\/v2\/categories?post=6587"},{"taxonomy":"post_tag","embeddable":true,"href":"https:\/\/areabadalona.com\/diario\/wp-json\/wp\/v2\/tags?post=6587"}],"curies":[{"name":"wp","href":"https:\/\/api.w.org\/{rel}","templated":true}]}}