{"id":6579,"date":"2024-03-01T12:01:54","date_gmt":"2024-03-01T12:01:54","guid":{"rendered":"https:\/\/areabadalona.com\/diario\/?p=6579"},"modified":"2024-03-01T12:01:54","modified_gmt":"2024-03-01T12:01:54","slug":"el-dimoni-apugem-els-preus-es-lescollit-per-cremar-la-nit-de-sant-anastasi-en-les-festes-de-maig-2024-de-badalona","status":"publish","type":"post","link":"https:\/\/areabadalona.com\/diario\/2024\/03\/01\/el-dimoni-apugem-els-preus-es-lescollit-per-cremar-la-nit-de-sant-anastasi-en-les-festes-de-maig-2024-de-badalona\/","title":{"rendered":"El dimoni \u201cApugem els preus\u201d \u00e9s l\u2019escollit per cremar la Nit de Sant Anastasi en les Festes de Maig 2024 de Badalona"},"content":{"rendered":"\n<p>Aquest mat\u00ed s\u2019ha presentat el Dimoni \u201cApugem els preus\u201d el disseny del guanyador del vint-i-cinqu\u00e8 concurs Crema\u2019l tu!, Premi de Disseny del Dimoni de Badalona. Aquest \u00e9s la figura del Dimoni que es plantar\u00e0 a la platja dels Pescadors, davant del passeig de la Rambla, durant totes les Festes de Maig i que es cremar\u00e0 la Nit de Sant Anastasi, el divendres 10 de maig.<\/p>\n\n\n\n<p>El disseny escollit ha estat l\u2019anomenat \u201cApugem els preus\u201d, un dimoni que reflecteix, en totes les seves arrodonides formes, una cr\u00edtica a la inflaci\u00f3 que vivim, a l\u2019increment generalitzat i sense aturador dels preus de la cistella de la compra. La cara del Dimoni d\u2019enguany reflecteix, garratibat i amarat de suor, la por o, fins i tot el p\u00e0nic, en veure les xifres que reflecteixen els tiquets de la compra del supermercat, il\u00b7lustrat de manera molt eloq\u00fcent amb un dels productes que m\u00e9s ha apujat el seu preu: l&#8217;oli d\u2019oliva, amb dues garrafes gaireb\u00e9 buides al peu de la seva figura.<\/p>\n\n\n\n<p>\u201cApugem els preus\u201d \u00e9s obra de Cristian Jer\u00f3nimo Reina, mataron\u00ed de naixement vinculat molt estretament amb Badalona at\u00e8s que va estudiar, des del 2008 fins al 2014, a l\u2019Escola Superior de Disseny i d&#8217;Arts Pl\u00e0stiques de Badalona. A m\u00e9s, la seva primera feina com a dissenyador va ser en una ag\u00e8ncia de comunicaci\u00f3 de Badalona. Actualment treballa en una ag\u00e8ncia creativa a Barcelona.<\/p>\n\n\n\n<p>La 25a edici\u00f3 del Premi de Disseny del Dimoni de Badalona Festes de Maig ha comptat amb la participaci\u00f3 de 114 persones.<\/p>\n\n\n\n<p>L\u2019acte de presentaci\u00f3 ha tingut lloc a la sala de premsa de l\u2019Ajuntament de Badalona amb la pres\u00e8ncia de l\u2019alcalde de Badalona, Xavier Garcia Albiol; de la segona tinenta d\u2019alcaldia i regidora de l\u2019\u00c0mbit d\u2019Impuls Econ\u00f2mic i de Ciutat, Treball, Cultura, Ciutadania i Govern, Cristina Ag\u00fcera; de la regidora de l\u2019\u00c0rea de Cultura, Vanesa Gonz\u00e1lez, i del guanyador del disseny del Dimoni de Badalona.<\/p>\n\n\n\n<p>L\u2019alcalde, Xavier Garcia Albiol, ha felicitat l\u2019autor i ha destacat que \u201cqualsevol ve\u00ed de Badalona, tingui l\u2019edat que tingui, es pot sentir representat pel Dimoni d\u2019aquest any, perqu\u00e8 tothom ha d\u2019anar a comprar\u201d. L\u2019alcalde ha explicat que el Dimoni guanyador combina perfectament l\u2019aspecte reivindicatiu i la simpatia. \u201c\u00c9s un dimoni que fa cara d\u2019espantat de com han apujat els preus, per\u00f2 a la vegada \u00e9s un dimoni entranyable, simp\u00e0tic, que fa por, i aix\u00f2 als m\u00e9s petits els agradar\u00e0\u201d, ha valorat l\u2019alcalde. D\u2019altra banda, Garcia Albiol ha assenyalat que amb la presentaci\u00f3 del dimoni comen\u00e7a el compte enrere per a les Festes de Maig i que la voluntat del govern per a aquest any \u00e9s \u201cfer especial incid\u00e8ncia en qu\u00e8 les Festes de Maig arribin a tots els barris de la ciutat\u201d.<\/p>\n\n\n\n<div><a href=\"https:\/\/areabadalona.com\/diario\/wp-content\/uploads\/2024\/03\/Presentacio-Dimoni-24-1024x683.jpg\" class=\"td-modal-image\"><figure data-wp-context=\"{&quot;imageId&quot;:&quot;69f3a375f06cc&quot;}\" data-wp-interactive=\"core\/image\" data-wp-key=\"69f3a375f06cc\" class=\"wp-block-image size-large wp-lightbox-container\"><img loading=\"lazy\" decoding=\"async\" width=\"1024\" height=\"683\" data-wp-class--hide=\"state.isContentHidden\" data-wp-class--show=\"state.isContentVisible\" data-wp-init=\"callbacks.setButtonStyles\" data-wp-on--click=\"actions.showLightbox\" data-wp-on--load=\"callbacks.setButtonStyles\" data-wp-on-window--resize=\"callbacks.setButtonStyles\" src=\"https:\/\/areabadalona.com\/diario\/wp-content\/uploads\/2024\/03\/Presentacio-Dimoni-24-1024x683.jpg\" alt=\"\" class=\"wp-image-6580\" srcset=\"https:\/\/areabadalona.com\/diario\/wp-content\/uploads\/2024\/03\/Presentacio-Dimoni-24-1024x683.jpg 1024w, https:\/\/areabadalona.com\/diario\/wp-content\/uploads\/2024\/03\/Presentacio-Dimoni-24-300x200.jpg 300w, https:\/\/areabadalona.com\/diario\/wp-content\/uploads\/2024\/03\/Presentacio-Dimoni-24-768x512.jpg 768w, https:\/\/areabadalona.com\/diario\/wp-content\/uploads\/2024\/03\/Presentacio-Dimoni-24-150x100.jpg 150w, https:\/\/areabadalona.com\/diario\/wp-content\/uploads\/2024\/03\/Presentacio-Dimoni-24-696x464.jpg 696w, https:\/\/areabadalona.com\/diario\/wp-content\/uploads\/2024\/03\/Presentacio-Dimoni-24-1068x712.jpg 1068w, https:\/\/areabadalona.com\/diario\/wp-content\/uploads\/2024\/03\/Presentacio-Dimoni-24.jpg 1200w\" sizes=\"auto, (max-width: 1024px) 100vw, 1024px\" \/><button\n\t\t\tclass=\"lightbox-trigger\"\n\t\t\ttype=\"button\"\n\t\t\taria-haspopup=\"dialog\"\n\t\t\taria-label=\"Agrandar\"\n\t\t\tdata-wp-init=\"callbacks.initTriggerButton\"\n\t\t\tdata-wp-on--click=\"actions.showLightbox\"\n\t\t\tdata-wp-style--right=\"state.imageButtonRight\"\n\t\t\tdata-wp-style--top=\"state.imageButtonTop\"\n\t\t>\n\t\t\t<svg xmlns=\"http:\/\/www.w3.org\/2000\/svg\" width=\"12\" height=\"12\" fill=\"none\" viewBox=\"0 0 12 12\">\n\t\t\t\t<path fill=\"#fff\" d=\"M2 0a2 2 0 0 0-2 2v2h1.5V2a.5.5 0 0 1 .5-.5h2V0H2Zm2 10.5H2a.5.5 0 0 1-.5-.5V8H0v2a2 2 0 0 0 2 2h2v-1.5ZM8 12v-1.5h2a.5.5 0 0 0 .5-.5V8H12v2a2 2 0 0 1-2 2H8Zm2-12a2 2 0 0 1 2 2v2h-1.5V2a.5.5 0 0 0-.5-.5H8V0h2Z\" \/>\n\t\t\t<\/svg>\n\t\t<\/button><\/figure><\/a><\/div>\n\n\n\n<p>L\u2019autor del disseny, Cristian Jer\u00f3nimo, ha explicat que amb el seu Dimoni vol arribar a tots els p\u00fablics. \u201cPer a mi \u00e9s important que els nens el trobin divertit i c\u00f2mic, per\u00f2 que a la vegada els adults copsin l\u2019esperit cr\u00edtic del Dimoni amb la situaci\u00f3 actual de pujada dels preus de consum, que s\u2019exemplifica amb les ampolles d\u2019oli\u201d, ha indicat l\u2019artista. \u201cEspero que agradi a tothom i representi l\u2019esperit de les Festes de Maig\u201d, ha afegit Jer\u00f3nimo.<\/p>\n","protected":false},"excerpt":{"rendered":"<p>Aquest mat\u00ed s\u2019ha presentat el Dimoni \u201cApugem els preus\u201d el disseny del guanyador del vint-i-cinqu\u00e8 concurs Crema\u2019l tu!, Premi de Disseny del Dimoni de Badalona. Aquest \u00e9s la figura del Dimoni que es plantar\u00e0 a la platja dels Pescadors, davant del passeig de la Rambla, durant totes les Festes de Maig i que es cremar\u00e0 [&hellip;]<\/p>\n","protected":false},"author":2,"featured_media":6581,"comment_status":"open","ping_status":"open","sticky":false,"template":"","format":"standard","meta":{"footnotes":""},"categories":[25],"tags":[],"class_list":{"0":"post-6579","1":"post","2":"type-post","3":"status-publish","4":"format-standard","5":"has-post-thumbnail","7":"category-cultura"},"_links":{"self":[{"href":"https:\/\/areabadalona.com\/diario\/wp-json\/wp\/v2\/posts\/6579","targetHints":{"allow":["GET"]}}],"collection":[{"href":"https:\/\/areabadalona.com\/diario\/wp-json\/wp\/v2\/posts"}],"about":[{"href":"https:\/\/areabadalona.com\/diario\/wp-json\/wp\/v2\/types\/post"}],"author":[{"embeddable":true,"href":"https:\/\/areabadalona.com\/diario\/wp-json\/wp\/v2\/users\/2"}],"replies":[{"embeddable":true,"href":"https:\/\/areabadalona.com\/diario\/wp-json\/wp\/v2\/comments?post=6579"}],"version-history":[{"count":1,"href":"https:\/\/areabadalona.com\/diario\/wp-json\/wp\/v2\/posts\/6579\/revisions"}],"predecessor-version":[{"id":6582,"href":"https:\/\/areabadalona.com\/diario\/wp-json\/wp\/v2\/posts\/6579\/revisions\/6582"}],"wp:featuredmedia":[{"embeddable":true,"href":"https:\/\/areabadalona.com\/diario\/wp-json\/wp\/v2\/media\/6581"}],"wp:attachment":[{"href":"https:\/\/areabadalona.com\/diario\/wp-json\/wp\/v2\/media?parent=6579"}],"wp:term":[{"taxonomy":"category","embeddable":true,"href":"https:\/\/areabadalona.com\/diario\/wp-json\/wp\/v2\/categories?post=6579"},{"taxonomy":"post_tag","embeddable":true,"href":"https:\/\/areabadalona.com\/diario\/wp-json\/wp\/v2\/tags?post=6579"}],"curies":[{"name":"wp","href":"https:\/\/api.w.org\/{rel}","templated":true}]}}