{"id":6576,"date":"2024-03-01T11:59:08","date_gmt":"2024-03-01T11:59:08","guid":{"rendered":"https:\/\/areabadalona.com\/diario\/?p=6576"},"modified":"2024-03-01T11:59:08","modified_gmt":"2024-03-01T11:59:08","slug":"lajuntament-de-badalona-convidat-al-vi-congres-internacional-de-ciencia-feminisme-i-masculinitats-a-valencia","status":"publish","type":"post","link":"https:\/\/areabadalona.com\/diario\/2024\/03\/01\/lajuntament-de-badalona-convidat-al-vi-congres-internacional-de-ciencia-feminisme-i-masculinitats-a-valencia\/","title":{"rendered":"L\u2019Ajuntament de Badalona, convidat al VI Congr\u00e9s Internacional de Ci\u00e8ncia, Feminisme i Masculinitats a Val\u00e8ncia"},"content":{"rendered":"\n<p>El VI Congr\u00e9s Internacional de Ci\u00e8ncia, Feminisme i Masculinitats (CICFEM) que es celebra els pr\u00f2xims dies 1 i 2 de mar\u00e7 de 2024 a Val\u00e8ncia ha seleccionat l\u2019Ajuntament de Badalona perqu\u00e8 exposi el programa \u201cNo trenquis els meus somnis\u201d. El congr\u00e9s est\u00e0 organitzat per l&#8217;Associaci\u00f3 Universit\u00e0ria de Ci\u00e8ncia, Feminisme i Masculinitats (AUCFEM) amb el suport de l&#8217;Institut de les Dones i la col\u00b7laboraci\u00f3 de la Universitat de Val\u00e8ncia. El congr\u00e9s reuneix experts de diverses disciplines per oferir un espai de di\u00e0leg i investigaci\u00f3 des d\u2019una perspectiva de g\u00e8nere, igualtat i superaci\u00f3 de la viol\u00e8ncia.<\/p>\n\n\n\n<p>El programa \u201cNo trenquis els meus somnis\u201d est\u00e0 dirigit als i les joves de 3r i 4t d\u2019ESO de Badalona i es troba dins de la campanya del Servei de Feminismes i LGTBIQ+ de l\u2019Ajuntament de Badalona \u201cApropa\u2019t, avancem cap a un futur de zero agressions\u201d. La presentaci\u00f3, que tindr\u00e0 lloc el dissabte 2 de mar\u00e7 a les 9 del mat\u00ed, anir\u00e0 a c\u00e0rrec del sergent de la Gu\u00e0rdia Urbana Blas Ortu\u00f1o i comptar\u00e0 amb la pres\u00e8ncia de la Regidora de Gent Gran, Feminismes i LGTBIQ+ i Diversitat Funcional, Flor\u00e8ncia Badia.<\/p>\n\n\n\n<p>\u201cNo trenquis els meus somnis\u201d \u00e9s un programa de formacions de prevenci\u00f3 de les viol\u00e8ncies i agressions sexuals per a adolescents que desenvolupa l\u2019Equip d\u2019Acci\u00f3 Comunit\u00e0ria de la Gu\u00e0rdia Urbana. Els seu sistema d\u2019avaluaci\u00f3 implica generar dades contrastades sobre l\u2019impacte real d\u2019aquestes formacions sobre els i les joves de la nostra ciutat. Els organitzadors del CICFEM han seleccionat aquest programa perqu\u00e8 \u201caporta una l\u00ednia nova en la prevenci\u00f3 de les viol\u00e8ncies en adolescents; es sustenta en articles cient\u00edfics publicats en revistes d\u2019impacte i obre una nova l\u00ednia d\u2019investigaci\u00f3 i socialitzaci\u00f3 preventiva que aportar\u00e0 dades concretes\u201d i, aix\u00ed mateix, es valora que \u00e9s un treball de transversalitat entre les diferents \u00e0rees municipals.<\/p>\n","protected":false},"excerpt":{"rendered":"<p>El VI Congr\u00e9s Internacional de Ci\u00e8ncia, Feminisme i Masculinitats (CICFEM) que es celebra els pr\u00f2xims dies 1 i 2 de mar\u00e7 de 2024 a Val\u00e8ncia ha seleccionat l\u2019Ajuntament de Badalona perqu\u00e8 exposi el programa \u201cNo trenquis els meus somnis\u201d. El congr\u00e9s est\u00e0 organitzat per l&#8217;Associaci\u00f3 Universit\u00e0ria de Ci\u00e8ncia, Feminisme i Masculinitats (AUCFEM) amb el suport [&hellip;]<\/p>\n","protected":false},"author":2,"featured_media":6577,"comment_status":"open","ping_status":"open","sticky":false,"template":"","format":"standard","meta":{"footnotes":""},"categories":[23],"tags":[],"class_list":{"0":"post-6576","1":"post","2":"type-post","3":"status-publish","4":"format-standard","5":"has-post-thumbnail","7":"category-actualitat"},"_links":{"self":[{"href":"https:\/\/areabadalona.com\/diario\/wp-json\/wp\/v2\/posts\/6576","targetHints":{"allow":["GET"]}}],"collection":[{"href":"https:\/\/areabadalona.com\/diario\/wp-json\/wp\/v2\/posts"}],"about":[{"href":"https:\/\/areabadalona.com\/diario\/wp-json\/wp\/v2\/types\/post"}],"author":[{"embeddable":true,"href":"https:\/\/areabadalona.com\/diario\/wp-json\/wp\/v2\/users\/2"}],"replies":[{"embeddable":true,"href":"https:\/\/areabadalona.com\/diario\/wp-json\/wp\/v2\/comments?post=6576"}],"version-history":[{"count":1,"href":"https:\/\/areabadalona.com\/diario\/wp-json\/wp\/v2\/posts\/6576\/revisions"}],"predecessor-version":[{"id":6578,"href":"https:\/\/areabadalona.com\/diario\/wp-json\/wp\/v2\/posts\/6576\/revisions\/6578"}],"wp:featuredmedia":[{"embeddable":true,"href":"https:\/\/areabadalona.com\/diario\/wp-json\/wp\/v2\/media\/6577"}],"wp:attachment":[{"href":"https:\/\/areabadalona.com\/diario\/wp-json\/wp\/v2\/media?parent=6576"}],"wp:term":[{"taxonomy":"category","embeddable":true,"href":"https:\/\/areabadalona.com\/diario\/wp-json\/wp\/v2\/categories?post=6576"},{"taxonomy":"post_tag","embeddable":true,"href":"https:\/\/areabadalona.com\/diario\/wp-json\/wp\/v2\/tags?post=6576"}],"curies":[{"name":"wp","href":"https:\/\/api.w.org\/{rel}","templated":true}]}}