{"id":6570,"date":"2024-03-01T11:54:11","date_gmt":"2024-03-01T11:54:11","guid":{"rendered":"https:\/\/areabadalona.com\/diario\/?p=6570"},"modified":"2024-03-01T11:54:12","modified_gmt":"2024-03-01T11:54:12","slug":"els-mossos-desquadra-tres-homes-per-cultivar-marihuana-en-un-local-de-badalona","status":"publish","type":"post","link":"https:\/\/areabadalona.com\/diario\/2024\/03\/01\/els-mossos-desquadra-tres-homes-per-cultivar-marihuana-en-un-local-de-badalona\/","title":{"rendered":"Els Mossos d\u2019Esquadra tres homes per cultivar marihuana en un local de Badalona"},"content":{"rendered":"\n<p>Agents de la Policia de la Generalitat \u2013 Mossos d\u2019Esquadra de la Unitat d\u2019Investigaci\u00f3 de la comissaria de Badalona van detenir, el 27 de febrer, tres homes de 23, 45 i 58 anys, com a presumptes autors d\u2019un delicte contra la salut p\u00fablica, per cultiu de plantes de marihuana.<\/p>\n\n\n\n<p>La investigaci\u00f3 es va iniciar arran de la detecci\u00f3 d\u2019un local d\u2019on sortia una intensa olor de marihuana. Aquest local, situat en un garatge comunitari del carrer de Don Pelayo, ocasionava mol\u00e8sties als ve\u00efns de l\u2019immoble per la forta olor.<\/p>\n\n\n\n<p>El resultat de les investigacions va comportar la detenci\u00f3 de tres homes, el passat 27 de febrer, i l\u2019incautament de m\u00e9s de 500 plantes de marihuana en un estat avan\u00e7at de floraci\u00f3 que es cultivaven al local. La plantaci\u00f3, encarada al cultiu intensiu, comptava amb una sofisticada instal\u00b7laci\u00f3 el\u00e8ctrica i un sistema de regadiu per degoteig. Als detinguts tamb\u00e9 se\u2019ls va trobar la quantitat d\u2019uns 1.000 euros, fraccionats en bitllets de 20.<\/p>\n\n\n\n<p>D\u2019altra banda, tamb\u00e9 s\u2019imputa als detinguts una defraudaci\u00f3 del fluid el\u00e8ctric per manipulaci\u00f3 del comptador. Aquest fet generava un risc de sobrec\u00e0rrega a la xarxa.<\/p>\n\n\n\n<p>Un dels detinguts es va deixar en llibertat despr\u00e9s de declarar en seu policial. Els altres dos detinguts, que compten amb altres antecedents per cultiu de plantes de marihuana, van passar a disposici\u00f3 judicial.<\/p>\n","protected":false},"excerpt":{"rendered":"<p>Agents de la Policia de la Generalitat \u2013 Mossos d\u2019Esquadra de la Unitat d\u2019Investigaci\u00f3 de la comissaria de Badalona van detenir, el 27 de febrer, tres homes de 23, 45 i 58 anys, com a presumptes autors d\u2019un delicte contra la salut p\u00fablica, per cultiu de plantes de marihuana. La investigaci\u00f3 es va iniciar arran [&hellip;]<\/p>\n","protected":false},"author":2,"featured_media":6571,"comment_status":"open","ping_status":"open","sticky":false,"template":"","format":"standard","meta":{"footnotes":""},"categories":[23],"tags":[],"class_list":{"0":"post-6570","1":"post","2":"type-post","3":"status-publish","4":"format-standard","5":"has-post-thumbnail","7":"category-actualitat"},"_links":{"self":[{"href":"https:\/\/areabadalona.com\/diario\/wp-json\/wp\/v2\/posts\/6570","targetHints":{"allow":["GET"]}}],"collection":[{"href":"https:\/\/areabadalona.com\/diario\/wp-json\/wp\/v2\/posts"}],"about":[{"href":"https:\/\/areabadalona.com\/diario\/wp-json\/wp\/v2\/types\/post"}],"author":[{"embeddable":true,"href":"https:\/\/areabadalona.com\/diario\/wp-json\/wp\/v2\/users\/2"}],"replies":[{"embeddable":true,"href":"https:\/\/areabadalona.com\/diario\/wp-json\/wp\/v2\/comments?post=6570"}],"version-history":[{"count":1,"href":"https:\/\/areabadalona.com\/diario\/wp-json\/wp\/v2\/posts\/6570\/revisions"}],"predecessor-version":[{"id":6572,"href":"https:\/\/areabadalona.com\/diario\/wp-json\/wp\/v2\/posts\/6570\/revisions\/6572"}],"wp:featuredmedia":[{"embeddable":true,"href":"https:\/\/areabadalona.com\/diario\/wp-json\/wp\/v2\/media\/6571"}],"wp:attachment":[{"href":"https:\/\/areabadalona.com\/diario\/wp-json\/wp\/v2\/media?parent=6570"}],"wp:term":[{"taxonomy":"category","embeddable":true,"href":"https:\/\/areabadalona.com\/diario\/wp-json\/wp\/v2\/categories?post=6570"},{"taxonomy":"post_tag","embeddable":true,"href":"https:\/\/areabadalona.com\/diario\/wp-json\/wp\/v2\/tags?post=6570"}],"curies":[{"name":"wp","href":"https:\/\/api.w.org\/{rel}","templated":true}]}}