{"id":6567,"date":"2024-02-29T11:42:35","date_gmt":"2024-02-29T11:42:35","guid":{"rendered":"https:\/\/areabadalona.com\/diario\/?p=6567"},"modified":"2024-03-01T11:52:26","modified_gmt":"2024-03-01T11:52:26","slug":"badalona-commemora-el-dia-internacional-de-les-dones-amb-actes-promoguts-al-llarg-del-mes-de-marc-per-lajuntament-i-les-entitats-de-la-ciutat","status":"publish","type":"post","link":"https:\/\/areabadalona.com\/diario\/2024\/02\/29\/badalona-commemora-el-dia-internacional-de-les-dones-amb-actes-promoguts-al-llarg-del-mes-de-marc-per-lajuntament-i-les-entitats-de-la-ciutat\/","title":{"rendered":"Badalona commemora el Dia Internacional de les Dones amb actes promoguts al llarg del mes de mar\u00e7 per l\u2019Ajuntament i les entitats de la ciutat"},"content":{"rendered":"\n<p>Amb el lema \u201c8M Badalona, Ciutat per la Igualtat\u201d l\u2019Ajuntament de Badalona commemora el Dia Internacional de les Dones amb un programa ple d\u2019activitats per a totes les edats i per a tots els p\u00fablics.<\/p>\n\n\n\n<p>El Dia Internacional de les Dones \u00e9s la data assenyalada per les Nacions Unides per commemorar les lluites hist\u00f2riques de les dones per aconseguir la igualtat de g\u00e8nere i defensar i reivindicar els drets de les dones, la seva plena participaci\u00f3 en la societat i el seu desenvolupament \u00edntegre com a persones, en peu d\u2019igualtat.<\/p>\n\n\n\n<p>En l\u00ednia amb el lema d\u2019aquest any, el Servei de Feminismes i LGTBIQ+ ha treballat conjuntament amb altres \u00e0rees de l\u2019Ajuntament i amb les diferents entitats per confeccionar diferents accions i actes amb l\u2019objectiu de reivindicar, sensibilitzar i conscienciar la ciutadania de Badalona en mat\u00e8ria d&#8217;igualtat de g\u00e8nere.<\/p>\n\n\n\n<p>Relaci\u00f3 d\u2019activitats organitzades per l\u2019Ajuntament en ordre cronol\u00f2gic:<\/p>\n\n\n\n<p><strong>MOSTRA BIBLIOGR\u00c0FICA 8M Feminisme i igualtat de g\u00e8nere<\/strong><\/p>\n\n\n\n<p>Dins l\u2019horari d\u2019obertura de les biblioteques<\/p>\n\n\n\n<p>Del divendres 1 al dissabte 16 de mar\u00e7<\/p>\n\n\n\n<p>Biblioteca Sant Roc<\/p>\n\n\n\n<p>Biblioteca Lloreda<\/p>\n\n\n\n<p>Del dilluns 4 al dissabte 9 de mar\u00e7<\/p>\n\n\n\n<p>Biblioteca Pomar<\/p>\n\n\n\n<p>Del dilluns 4 al dissabte 30 de mar\u00e7<\/p>\n\n\n\n<p>Biblioteca Can Casacuberta<\/p>\n\n\n\n<p><strong>CONFER\u00c8NCIA \u201cLos ochomiles de la vida\u201d<\/strong><\/p>\n\n\n\n<p>Dimarts 5 de mar\u00e7, a les 18 hores<\/p>\n\n\n\n<p>Teatre Margarida Xirgu<\/p>\n\n\n\n<p>A c\u00e0rrec d\u2019Irene Villa, periodista, escriptora, psic\u00f2loga i esportista d\u2019esqu\u00ed alp\u00ed adaptat.<\/p>\n\n\n\n<p>Activitat gratu\u00efta. Aforament limitat<\/p>\n\n\n\n<p>Cal inscripci\u00f3 pr\u00e8via a: <a href=\"mailto:feminisme@badalona.cat\">feminisme@badalona.cat<\/a>&nbsp;o 93 483 26 78<\/p>\n\n\n\n<p><strong>HORA DEL CONTE I TALLER DE MANUALI<\/strong>TATS<\/p>\n\n\n\n<p>Dimecres 6 de mar\u00e7, a les 17.30 h<\/p>\n\n\n\n<p>Activitat adre\u00e7ada a infants a partir de 3 anys i a les seves fam\u00edlies.<\/p>\n\n\n\n<p><strong>No a totes les nenes els agrada el rosa<\/strong><\/p>\n\n\n\n<p>Biblioteca Llefi\u00e0-Xavier Soto<\/p>\n\n\n\n<p>Cal inscripci\u00f3 pr\u00e8via a:<\/p>\n\n\n\n<p>93 383 29 70 \/ b.badalona.lle@diba.cat<\/p>\n\n\n\n<p>Les nenes seran el que vulguin ser<\/p>\n\n\n\n<p>Biblioteca Pomar<\/p>\n\n\n\n<p>Cal inscripci\u00f3 pr\u00e8via a: 93 395 35 07 \/ <a href=\"mailto:b.badalona.p@diba.cat\">b.badalona.p@diba.cat<\/a><\/p>\n\n\n\n<p><strong>TALLER<\/strong><\/p>\n\n\n\n<p><strong>Les dones al m\u00f3n del foc<\/strong><\/p>\n\n\n\n<p>En el marc de l\u2019exposici\u00f3 \u201cForjadors de la Festa. A cremar!\u201d<\/p>\n\n\n\n<p>Dimecres 6 de mar\u00e7, a les 18.30 hores<\/p>\n\n\n\n<p>Centre Cultural El Carme. Sala Josep Ucl\u00e9s<\/p>\n\n\n\n<p>Aforament limitat. No mixt. Adre\u00e7at a dones vinculades o amb coneixements sobre el m\u00f3n del foc.<\/p>\n\n\n\n<p>Ho organitza: \u00c0rea de Cultura i Xitxarra \/ Grup d\u2019estudis de la Festa<\/p>\n\n\n\n<p>Cal inscripci\u00f3 pr\u00e8via a: Agenda Cultural de Badalona<\/p>\n\n\n\n<p><strong>ACTE INSTITUCIONAL. Lectura del manifest Dia Internacional de les Dones<\/strong><\/p>\n\n\n\n<p>Dijous 7 de mar\u00e7, a les 18 hores a la pla\u00e7a de la Vila.<\/p>\n\n\n\n<p><strong>EXPOSICI\u00d3 PARTICIPATIVA<\/strong><\/p>\n\n\n\n<p><strong>\u201cLes nostres referents en el m\u00f3n\u201d<\/strong><\/p>\n\n\n\n<p>Del divendres 8 al dijous 28 de mar\u00e7<\/p>\n\n\n\n<p>Badiu Jove<\/p>\n\n\n\n<p>Visita en grup, trucar a: 93 483 29 34 \/ 690 30 68 12<\/p>\n\n\n\n<p><strong>LLIURAMENT DE PREMIS \u201cPremi Trencant Invisibilitats 2023 \/ 2024\u201d<\/strong><\/p>\n\n\n\n<p>Dimecres 20 de mar\u00e7, a les 17 hores<\/p>\n\n\n\n<p>Teatre Zorrilla<\/p>\n\n\n\n<p>Activitat gratu\u00efta. Aforament limitat<\/p>\n\n\n\n<p>Cal inscripci\u00f3 pr\u00e8via a: 93 483 26 78 \/ <a href=\"mailto:feminisme@badalona.cat\">feminisme@badalona.cat<\/a><\/p>\n\n\n\n<p><strong>DIPTIC PROGRAMACI\u00d3 8M BADALONA 2024<\/strong><\/p>\n\n\n\n<p>A banda d\u2019aquestes propostes impulsades des del consistori, durant tot el mes de mar\u00e7 la ciutadania podr\u00e0 participar en actes i activitats amb formats molt diferents organitzats per associacions i entitats badalonines com xerrades, taules rodones, talles, presentaci\u00f3 de llibres, partits de futbol, exposicions, etc.&nbsp;<\/p>\n\n\n\n<p>Podeu consultar tota la programaci\u00f3 en l&#8217;enlla\u00e7 seg\u00fcent:<\/p>\n\n\n\n<p><a href=\"https:\/\/www.badalona.cat\/ca\/serveis-ajuntament\/igualtat-feminismes\/8-de-marc-dia-internacional-de-les-dones\/8m_diptic_web.pdf\">https:\/\/www.badalona.cat\/ca\/serveis-ajuntament\/igualtat-feminismes\/8-de-marc-dia-internacional-de-les-dones\/8m_diptic_web.pdf<\/a><\/p>\n","protected":false},"excerpt":{"rendered":"<p>Amb el lema \u201c8M Badalona, Ciutat per la Igualtat\u201d l\u2019Ajuntament de Badalona commemora el Dia Internacional de les Dones amb un programa ple d\u2019activitats per a totes les edats i per a tots els p\u00fablics. El Dia Internacional de les Dones \u00e9s la data assenyalada per les Nacions Unides per commemorar les lluites hist\u00f2riques de [&hellip;]<\/p>\n","protected":false},"author":2,"featured_media":6568,"comment_status":"open","ping_status":"open","sticky":false,"template":"","format":"standard","meta":{"footnotes":""},"categories":[23],"tags":[],"class_list":{"0":"post-6567","1":"post","2":"type-post","3":"status-publish","4":"format-standard","5":"has-post-thumbnail","7":"category-actualitat"},"_links":{"self":[{"href":"https:\/\/areabadalona.com\/diario\/wp-json\/wp\/v2\/posts\/6567","targetHints":{"allow":["GET"]}}],"collection":[{"href":"https:\/\/areabadalona.com\/diario\/wp-json\/wp\/v2\/posts"}],"about":[{"href":"https:\/\/areabadalona.com\/diario\/wp-json\/wp\/v2\/types\/post"}],"author":[{"embeddable":true,"href":"https:\/\/areabadalona.com\/diario\/wp-json\/wp\/v2\/users\/2"}],"replies":[{"embeddable":true,"href":"https:\/\/areabadalona.com\/diario\/wp-json\/wp\/v2\/comments?post=6567"}],"version-history":[{"count":1,"href":"https:\/\/areabadalona.com\/diario\/wp-json\/wp\/v2\/posts\/6567\/revisions"}],"predecessor-version":[{"id":6569,"href":"https:\/\/areabadalona.com\/diario\/wp-json\/wp\/v2\/posts\/6567\/revisions\/6569"}],"wp:featuredmedia":[{"embeddable":true,"href":"https:\/\/areabadalona.com\/diario\/wp-json\/wp\/v2\/media\/6568"}],"wp:attachment":[{"href":"https:\/\/areabadalona.com\/diario\/wp-json\/wp\/v2\/media?parent=6567"}],"wp:term":[{"taxonomy":"category","embeddable":true,"href":"https:\/\/areabadalona.com\/diario\/wp-json\/wp\/v2\/categories?post=6567"},{"taxonomy":"post_tag","embeddable":true,"href":"https:\/\/areabadalona.com\/diario\/wp-json\/wp\/v2\/tags?post=6567"}],"curies":[{"name":"wp","href":"https:\/\/api.w.org\/{rel}","templated":true}]}}