{"id":6562,"date":"2024-02-28T11:45:59","date_gmt":"2024-02-28T11:45:59","guid":{"rendered":"https:\/\/areabadalona.com\/diario\/?p=6562"},"modified":"2024-02-29T11:50:44","modified_gmt":"2024-02-29T11:50:44","slug":"area-badalona-121-febrer-2024","status":"publish","type":"post","link":"https:\/\/areabadalona.com\/diario\/2024\/02\/28\/area-badalona-121-febrer-2024\/","title":{"rendered":"\u00c0rea Badalona 121 Febrer 2024"},"content":{"rendered":"\n<p>En el n\u00famero 121 de l&#8217;\u00c0rea Badalona del mes de febrer de 2024 destaquem el conveni signat entre el consistori de Badalona i el Col\u00b7legi d&#8217;Administradors de Finques per treballar pregats contra l&#8217;ocupaci\u00f3 il\u00b7legal de vivendes de la ciutat. Tamb\u00e9 compartim el conveni entre Ajuntament, Generalitat de Catalunya i col\u00b7legis professionals per fer una radiografia de la situaci\u00f3 arran de l&#8217;esfondrament del carrer Canig\u00f3. Parlem tamb\u00e9 de l&#8217;enderroc del mur del carrer Eduard Maristany i de la primera associaci\u00f3 de dones empres\u00e0ries del Barcelon\u00e8s Nord. <\/p>\n\n\n\n<p>  <\/p>\n\n\n<a href=\"https:\/\/areabadalona.com\/diario\/wp-content\/uploads\/2024\/02\/AREABADALONA0121.pdf\" class=\"pdfemb-viewer\" style=\"\" data-width=\"max\" data-height=\"max\" data-toolbar=\"bottom\" data-toolbar-fixed=\"off\">AREABADALONA0121<\/a>\n<p class=\"wp-block-pdfemb-pdf-embedder-viewer\"><\/p>\n","protected":false},"excerpt":{"rendered":"<p>En el n\u00famero 121 de l&#8217;\u00c0rea Badalona del mes de febrer de 2024 destaquem el conveni signat entre el consistori de Badalona i el Col\u00b7legi d&#8217;Administradors de Finques per treballar pregats contra l&#8217;ocupaci\u00f3 il\u00b7legal de vivendes de la ciutat. Tamb\u00e9 compartim el conveni entre Ajuntament, Generalitat de Catalunya i col\u00b7legis professionals per fer una radiografia [&hellip;]<\/p>\n","protected":false},"author":1,"featured_media":6564,"comment_status":"open","ping_status":"open","sticky":false,"template":"","format":"standard","meta":{"footnotes":""},"categories":[30],"tags":[],"class_list":{"0":"post-6562","1":"post","2":"type-post","3":"status-publish","4":"format-standard","5":"has-post-thumbnail","7":"category-edicio-impresa"},"_links":{"self":[{"href":"https:\/\/areabadalona.com\/diario\/wp-json\/wp\/v2\/posts\/6562","targetHints":{"allow":["GET"]}}],"collection":[{"href":"https:\/\/areabadalona.com\/diario\/wp-json\/wp\/v2\/posts"}],"about":[{"href":"https:\/\/areabadalona.com\/diario\/wp-json\/wp\/v2\/types\/post"}],"author":[{"embeddable":true,"href":"https:\/\/areabadalona.com\/diario\/wp-json\/wp\/v2\/users\/1"}],"replies":[{"embeddable":true,"href":"https:\/\/areabadalona.com\/diario\/wp-json\/wp\/v2\/comments?post=6562"}],"version-history":[{"count":1,"href":"https:\/\/areabadalona.com\/diario\/wp-json\/wp\/v2\/posts\/6562\/revisions"}],"predecessor-version":[{"id":6565,"href":"https:\/\/areabadalona.com\/diario\/wp-json\/wp\/v2\/posts\/6562\/revisions\/6565"}],"wp:featuredmedia":[{"embeddable":true,"href":"https:\/\/areabadalona.com\/diario\/wp-json\/wp\/v2\/media\/6564"}],"wp:attachment":[{"href":"https:\/\/areabadalona.com\/diario\/wp-json\/wp\/v2\/media?parent=6562"}],"wp:term":[{"taxonomy":"category","embeddable":true,"href":"https:\/\/areabadalona.com\/diario\/wp-json\/wp\/v2\/categories?post=6562"},{"taxonomy":"post_tag","embeddable":true,"href":"https:\/\/areabadalona.com\/diario\/wp-json\/wp\/v2\/tags?post=6562"}],"curies":[{"name":"wp","href":"https:\/\/api.w.org\/{rel}","templated":true}]}}