{"id":6558,"date":"2024-02-29T10:48:15","date_gmt":"2024-02-29T10:48:15","guid":{"rendered":"https:\/\/areabadalona.com\/diario\/?p=6558"},"modified":"2024-02-29T10:48:15","modified_gmt":"2024-02-29T10:48:15","slug":"neix-adebcnord-lassociacio-de-dones-empresaries-delbarcelones-nord-la-primera-a-la-zona","status":"publish","type":"post","link":"https:\/\/areabadalona.com\/diario\/2024\/02\/29\/neix-adebcnord-lassociacio-de-dones-empresaries-delbarcelones-nord-la-primera-a-la-zona\/","title":{"rendered":"Neix ADEBCNORD, l\u2019Associaci\u00f3 de Dones Empres\u00e0ries delBarcelon\u00e8s Nord, la primera a la zona"},"content":{"rendered":"\n<p>En un moment hist\u00f2ric per a la regi\u00f3, un grup de dones empres\u00e0ries ha unit forces per fundar la primera Associaci\u00f3 de Dones Empres\u00e0ries del Barcelon\u00e8s Nord. La presidenta de l&#8217;associaci\u00f3 \u00e9s la destacada l\u00edder empresarial, Marina Rom\u00e1n, mentre que l&#8217;experimentada Montse Andurell assumir\u00e0 el paper de secret\u00e0ria.<br>L&#8217;associaci\u00f3 t\u00e9 com a objectiu principal crear una xarxa s\u00f2lida i col\u00b7laborativa que reuneixi dones empres\u00e0ries de Badalona i els seus voltants. Amb la visi\u00f3 d&#8217;establir un espai on les dones emprenedores puguin compartir experi\u00e8ncies, l&#8217;Associaci\u00f3 busca<br>inspirar altres dones a unir-se i seguir el cam\u00ed de l&#8217;\u00e8xit empresarial.<br>Marina Rom\u00e1n, presidenta de l &#8216; A s s o c i a c i \u00f3  d e  Do n e s Empres\u00e0ries del Barcelon\u00e8s Nord, va expressar el seu entusiasme per aquesta iniciativa pionera: \u00abEstem emocionades de ser part de l a c r e a c i \u00f3  d &#8216; a q u e s t a associaci\u00f3 \u00fanica. Volem construir una comunitat on les dones puguin compartir les seves hist\u00f2ries d&#8217;\u00e8xit, donar-se suport m\u00fatuament i destacar els assoliments excepcionals que les dones empres\u00e0ries estan aconseguint a la nostra cuitas\u00bb.<br>L&#8217;associaci\u00f3 proporcionar\u00e0 un espai segur i de suport on les dones podran compartir les seves experi\u00e8ncies, aprendre unes de les altres i fomentar la col\u00b7laboraci\u00f3. A m\u00e9s, es donar\u00e0 l&#8217;oportunitat a les membres de l&#8217;associaci\u00f3 de presentar les seves empreses i explicar per qu\u00e8 s\u00f3n les millors en els seus respectius camps.<br>Montse Andurell, secret\u00e0ria de l&#8217;associaci\u00f3, va comentar: \u00abVolem trencar barreres i crear oportunitats perqu\u00e8 les dones empres\u00e0ries es destaquen. La for\u00e7a que tenim quan ens unim \u00e9s extraordin\u00e0ria, i a trav\u00e9s d&#8217;aquesta associaci\u00f3, busquem ressaltar i celebrar els assoliments de cada dona emprenedora\u00bb.<br>L&#8217;Associaci\u00f3 de Dones Empres\u00e0ries del Barcelon\u00e8s Nord convida totes les dones empres\u00e0ries de la regi\u00f3 a unir-se a aquesta iniciativa \u00fanica. Per obtenir m\u00e9s informaci\u00f3 sobre l&#8217;associaci\u00f3 i com f o r m a r &#8211; n e  p a r t , e s p o t c o n t a c t a r a t r a v \u00e9 s d e empresariasbadalona@gmail.com<\/p>\n","protected":false},"excerpt":{"rendered":"<p>En un moment hist\u00f2ric per a la regi\u00f3, un grup de dones empres\u00e0ries ha unit forces per fundar la primera Associaci\u00f3 de Dones Empres\u00e0ries del Barcelon\u00e8s Nord. La presidenta de l&#8217;associaci\u00f3 \u00e9s la destacada l\u00edder empresarial, Marina Rom\u00e1n, mentre que l&#8217;experimentada Montse Andurell assumir\u00e0 el paper de secret\u00e0ria.L&#8217;associaci\u00f3 t\u00e9 com a objectiu principal crear una [&hellip;]<\/p>\n","protected":false},"author":2,"featured_media":6560,"comment_status":"open","ping_status":"open","sticky":false,"template":"","format":"standard","meta":{"footnotes":""},"categories":[23],"tags":[],"class_list":{"0":"post-6558","1":"post","2":"type-post","3":"status-publish","4":"format-standard","5":"has-post-thumbnail","7":"category-actualitat"},"_links":{"self":[{"href":"https:\/\/areabadalona.com\/diario\/wp-json\/wp\/v2\/posts\/6558","targetHints":{"allow":["GET"]}}],"collection":[{"href":"https:\/\/areabadalona.com\/diario\/wp-json\/wp\/v2\/posts"}],"about":[{"href":"https:\/\/areabadalona.com\/diario\/wp-json\/wp\/v2\/types\/post"}],"author":[{"embeddable":true,"href":"https:\/\/areabadalona.com\/diario\/wp-json\/wp\/v2\/users\/2"}],"replies":[{"embeddable":true,"href":"https:\/\/areabadalona.com\/diario\/wp-json\/wp\/v2\/comments?post=6558"}],"version-history":[{"count":1,"href":"https:\/\/areabadalona.com\/diario\/wp-json\/wp\/v2\/posts\/6558\/revisions"}],"predecessor-version":[{"id":6561,"href":"https:\/\/areabadalona.com\/diario\/wp-json\/wp\/v2\/posts\/6558\/revisions\/6561"}],"wp:featuredmedia":[{"embeddable":true,"href":"https:\/\/areabadalona.com\/diario\/wp-json\/wp\/v2\/media\/6560"}],"wp:attachment":[{"href":"https:\/\/areabadalona.com\/diario\/wp-json\/wp\/v2\/media?parent=6558"}],"wp:term":[{"taxonomy":"category","embeddable":true,"href":"https:\/\/areabadalona.com\/diario\/wp-json\/wp\/v2\/categories?post=6558"},{"taxonomy":"post_tag","embeddable":true,"href":"https:\/\/areabadalona.com\/diario\/wp-json\/wp\/v2\/tags?post=6558"}],"curies":[{"name":"wp","href":"https:\/\/api.w.org\/{rel}","templated":true}]}}