{"id":6555,"date":"2024-02-29T10:34:23","date_gmt":"2024-02-29T10:34:23","guid":{"rendered":"https:\/\/areabadalona.com\/diario\/?p=6555"},"modified":"2024-02-29T10:34:23","modified_gmt":"2024-02-29T10:34:23","slug":"badalona-signa-el-primer-conveni-a-catalunya-entre-els-administradors-de-finques-i-un-ajuntament-per-lluitar-contra-locupacio-il%c2%b7legal","status":"publish","type":"post","link":"https:\/\/areabadalona.com\/diario\/2024\/02\/29\/badalona-signa-el-primer-conveni-a-catalunya-entre-els-administradors-de-finques-i-un-ajuntament-per-lluitar-contra-locupacio-il%c2%b7legal\/","title":{"rendered":"Badalona signa el primer conveni a Catalunya entre els administradors de finques i un Ajuntament per lluitar contra l\u2019ocupaci\u00f3 il\u00b7legal"},"content":{"rendered":"\n<p>Badalona disposa des d\u2019avui d\u2019una nova eina per actuar contra l\u2019ocupaci\u00f3 il\u00b7legal i els problemes de conviv\u00e8ncia que pot ocasionar aquest fenomen. L\u2019alcalde de Badalona, Xavier Garcia Albiol, i el president del Col\u2022legi d\u2019Administradors de Finques de Barcelona i Lleida, Lorenzo Ignacio Vi\u00f1as, han signat aquest migdia el primer conveni de col\u00b7laboraci\u00f3 entre els administradors de finques i un ajuntament per actuar, de manera coordinada, en els sup\u00f2sits d\u2019ocupaci\u00f3 il\u00b7legal d\u2019habitatges, locals i habitatges sobreocupats.<\/p>\n\n\n\n<p>Entre els principals objectius d\u2019aquest conveni es troba la recerca de solucions, tant preventives com executives davant les eventuals ocupacions il\u2022legals o sobreocupacions d\u2019habitatges. Amb aquesta col\u2022laboraci\u00f3 rec\u00edproca s\u2019estableix un sistema d\u2019alerta davant de les situacions d\u2019ocupacions il\u00b7legals, especialment davant d\u2019aquelles portades a terme per grups que operen per a treure un profit econ\u00f2mic.<\/p>\n\n\n\n<p>El conveni articula una relaci\u00f3 d\u2019informaci\u00f3 constant entre els administradors de finques, l\u2019Ajuntament i la Gu\u00e0rdia Urbana de Badalona per tal que, donat el cas, es pugui realitzar una acci\u00f3 immediata. Pel que fa a les actuacions preventives, el conveni subscrit preveu que en el moment que des d\u2019una comunitat de propietaris es tingui coneixement d\u2019immobles buits a la finca es facilitar\u00e0 aquesta informaci\u00f3 a l\u2019Ajuntament, de manera que es puguin detectar aquells en risc de ser ocupats, aix\u00ed com de registrar aquells immobles ja ocupats o sobreocupats.<\/p>\n\n\n\n<p>L\u2019alcalde de Badalona, Xavier Garcia Albiol, ha destacat durant l\u2019acte de signatura del conveni que: \u201cel govern municipal est\u00e0 decidit a lluitar contra les ocupacions il\u00b7legals\u201d i ha explicat que \u201ccontr\u00e0riament a all\u00f2 que es diu sovint, aquest fenomen afecta molt m\u00e9s a les persones que viuen als barris i a les zones amb menys recursos econ\u00f2mics\u201d. \u201cEvitar els problemes de conviv\u00e8ncia derivats de l\u2019ocupaci\u00f3 \u00e9s una acci\u00f3 de pol\u00edtica social\u201d ha subratllat Garcia Albiol. \u201cVull deixar molt clar que davant una ocupaci\u00f3 il\u00b7legal la v\u00edctima no \u00e9s l\u2019ocupa, la v\u00edctima \u00e9s el ve\u00ed que pateix les conseq\u00fc\u00e8ncies de l\u2019ocupaci\u00f3\u201d, ha afegit.<\/p>\n\n\n\n<p>L\u2019alcalde ha lamentat que \u201cles lleis defensen i ajuden m\u00e9s als ocupes que als propietaris i als ve\u00efns afectats per les ocupacions conflictives\u201d. \u201cAlguna cosa s\u2019est\u00e0 fent malament si Catalunya, i especialment l\u2019\u00e0rea metropolitana de Barcelona, concentra el 43 per cent de les ocupacions il\u00b7legals\u201d, ha explicat i, com a mostra, ha assenyalat que gaireb\u00e9 cada dia la Gu\u00e0rdia Urbana de Badalona aconsegueix aturar nous intents d\u2019ocupaci\u00f3.<\/p>\n\n\n\n<p>D\u2019altra banda, el president del Col\u00b7legi d\u2019Administradors de Finques de Barcelona i Lleida, Lorenzo Ignacio Vi\u00f1as, ha destacat que amb aquest conveni es fixa una relaci\u00f3 estreta i de treball conjunt entre els administradors de finques i l\u2019Ajuntament de Badalona. \u201cEls administradors som els que estem en tot moment en contacte amb les comunitats de ve\u00efns i, per tant, coneixem de primera m\u00e0 qualsevol problema. Ara, gr\u00e0cies a aquest conveni, tenim fil directe amb l\u2019Ajuntament per resoldre i per avan\u00e7ar-nos a qualsevol situaci\u00f3 que dificulti el normal funcionament de la comunitat\u201d, ha afirmat Vi\u00f1as. A m\u00e9s dels casos d\u2019ocupacions, el president del Col\u00b7legi ha afegit que els administradors de finques tamb\u00e9 poden ser d\u2019utilitat en la detecci\u00f3 de problemes de seguretat dels edificis at\u00e8s que tamb\u00e9 estan en contacte amb aparelladors, arquitectes i altres col\u00b7lectius de professionals t\u00e8cnics.<\/p>\n\n\n\n<p>El conveni, que t\u00e9 una vig\u00e8ncia de 4 anys, destaca que la correcta conviv\u00e8ncia en les comunitats de propietaris i de ve\u00efns constitueix un element cabdal en el benestar quotidi\u00e0 dels ciutadans i per al seu bon funcionament ha previst la posada en marxa d\u2019una comissi\u00f3 de seguiment, formada per representants de l\u2019Ajuntament, Gu\u00e0rdia Urbana i Col\u00b7legi d\u2019Administradors de Finques de Barcelona i Lleida, que es reunir\u00e0 peri\u00f2dicament i elaborar\u00e0 una mem\u00f2ria de les actuacions portades a terme.<\/p>\n","protected":false},"excerpt":{"rendered":"<p>Badalona disposa des d\u2019avui d\u2019una nova eina per actuar contra l\u2019ocupaci\u00f3 il\u00b7legal i els problemes de conviv\u00e8ncia que pot ocasionar aquest fenomen. L\u2019alcalde de Badalona, Xavier Garcia Albiol, i el president del Col\u2022legi d\u2019Administradors de Finques de Barcelona i Lleida, Lorenzo Ignacio Vi\u00f1as, han signat aquest migdia el primer conveni de col\u00b7laboraci\u00f3 entre els administradors [&hellip;]<\/p>\n","protected":false},"author":2,"featured_media":6556,"comment_status":"open","ping_status":"open","sticky":false,"template":"","format":"standard","meta":{"footnotes":""},"categories":[23],"tags":[],"class_list":{"0":"post-6555","1":"post","2":"type-post","3":"status-publish","4":"format-standard","5":"has-post-thumbnail","7":"category-actualitat"},"_links":{"self":[{"href":"https:\/\/areabadalona.com\/diario\/wp-json\/wp\/v2\/posts\/6555","targetHints":{"allow":["GET"]}}],"collection":[{"href":"https:\/\/areabadalona.com\/diario\/wp-json\/wp\/v2\/posts"}],"about":[{"href":"https:\/\/areabadalona.com\/diario\/wp-json\/wp\/v2\/types\/post"}],"author":[{"embeddable":true,"href":"https:\/\/areabadalona.com\/diario\/wp-json\/wp\/v2\/users\/2"}],"replies":[{"embeddable":true,"href":"https:\/\/areabadalona.com\/diario\/wp-json\/wp\/v2\/comments?post=6555"}],"version-history":[{"count":1,"href":"https:\/\/areabadalona.com\/diario\/wp-json\/wp\/v2\/posts\/6555\/revisions"}],"predecessor-version":[{"id":6557,"href":"https:\/\/areabadalona.com\/diario\/wp-json\/wp\/v2\/posts\/6555\/revisions\/6557"}],"wp:featuredmedia":[{"embeddable":true,"href":"https:\/\/areabadalona.com\/diario\/wp-json\/wp\/v2\/media\/6556"}],"wp:attachment":[{"href":"https:\/\/areabadalona.com\/diario\/wp-json\/wp\/v2\/media?parent=6555"}],"wp:term":[{"taxonomy":"category","embeddable":true,"href":"https:\/\/areabadalona.com\/diario\/wp-json\/wp\/v2\/categories?post=6555"},{"taxonomy":"post_tag","embeddable":true,"href":"https:\/\/areabadalona.com\/diario\/wp-json\/wp\/v2\/tags?post=6555"}],"curies":[{"name":"wp","href":"https:\/\/api.w.org\/{rel}","templated":true}]}}