{"id":6552,"date":"2024-02-28T09:18:57","date_gmt":"2024-02-28T09:18:57","guid":{"rendered":"https:\/\/areabadalona.com\/diario\/?p=6552"},"modified":"2024-02-28T09:18:59","modified_gmt":"2024-02-28T09:18:59","slug":"x-cicle-de-poesia-de-tants-dits-a-lespai-betulia","status":"publish","type":"post","link":"https:\/\/areabadalona.com\/diario\/2024\/02\/28\/x-cicle-de-poesia-de-tants-dits-a-lespai-betulia\/","title":{"rendered":"X Cicle de poesia \u201cDe tants dits\u201d a l\u2019Espai Bet\u00falia"},"content":{"rendered":"\n<p>L\u2019Espai Bet\u00falia, Centre de la paraula i les lletres, presenta el X Cicle de poesia \u201cDe tants dits 2024\u201d, tot un ventall d\u2019activitats al voltant de la poesia: xerrades; confer\u00e8ncies sobre llibres essencials de la poesia universal; recitat, concert musical i po\u00e8tic i taller de poesia.<\/p>\n\n\n\n<p><strong>PROGRAMA<\/strong><\/p>\n\n\n\n<p>Dimarts, 5 de mar\u00e7. 19 hores.<\/p>\n\n\n\n<p><strong>C\u00f3mo leer un poema<\/strong><\/p>\n\n\n\n<p>Per Rosa Navarro Dur\u00e1n<\/p>\n\n\n\n<p>Dimecres, 6 de mar\u00e7. 19 hores.<\/p>\n\n\n\n<p><strong>Presentaci\u00f3 del llibre<\/strong> <em>Els motius del pallasso<\/em>, de Paco Fan\u00e9s<\/p>\n\n\n\n<p>Presenta Valent\u00ed Soler, amb la pres\u00e8ncia de Guerau Peabody<\/p>\n\n\n\n<p><strong>Cl\u00e0ssics de la poesia<\/strong><\/p>\n\n\n\n<p>&#8211; Dimarts 12 de mar\u00e7. 19 hores.<\/p>\n\n\n\n<p><em>Fites (1921,1922)<\/em>, de Marina Tsvet\u00e0ieva<\/p>\n\n\n\n<p>Per Laia Malo<\/p>\n\n\n\n<p>La traductora presentar\u00e0 la poeta russa i recitar\u00e0 els seus versos entre els paisatges sonors de Jaume Reus.<\/p>\n\n\n\n<p>&#8211; Dimarts 19 de mar\u00e7. 19 hores.<\/p>\n\n\n\n<p><em>Les fleurs du mal (1857)<\/em>, de Charles Baudelaire<\/p>\n\n\n\n<p>Per Jordi Llovet<\/p>\n\n\n\n<p>&#8211; Dimarts 2 d\u2019abril. 19 hores<\/p>\n\n\n\n<p><em>El poema de la rosa als llavis (1923),<\/em>&nbsp;de Joan Salvat-Papasseit<\/p>\n\n\n\n<p>Per Jordi Virallonga<\/p>\n\n\n\n<p>&#8211; Dimarts 16 d\u2019abril. 19 hores.<\/p>\n\n\n\n<p><em>\u00c1rbol de Diana (1968),<\/em>&nbsp;d\u2019Alejandra Pizarnik<\/p>\n\n\n\n<p>Per Myriam Soteras<\/p>\n\n\n\n<p>Dijous 4 d\u2019abril. 19 hores.<\/p>\n\n\n\n<p><strong>Recital po\u00e8tic i musical<\/strong><\/p>\n\n\n\n<p>Salvatore Toma: <em>In\u00fatil fugir<\/em><\/p>\n\n\n\n<p>Presenta: JoanRa Llad\u00f3s<\/p>\n\n\n\n<p>Reciten: Bel Granya,<\/p>\n\n\n\n<p>Alberto Pellegatta,<\/p>\n\n\n\n<p>Antoni Robert i Paco Fan\u00e9s.<\/p>\n\n\n\n<p>M\u00fasica de Ferran Besalduch.<\/p>\n\n\n\n<p>Divendres 19 d\u2019abril. 19 hores<\/p>\n\n\n\n<p><strong>Presentaci\u00f3 del llibre<\/strong><\/p>\n\n\n\n<p><em>El fr\u00edo que corresponde<\/em>, de Luis Santana<\/p>\n\n\n\n<p>Presentar\u00e0 Miquel-Llu\u00eds Muntan\u00e9<\/p>\n\n\n\n<p>Divendres 26 d\u2019abril. 20 hores<\/p>\n\n\n\n<p><strong>Concert musical i po\u00e8tic<\/strong><\/p>\n\n\n\n<p>Parmicel<\/p>\n\n\n\n<p>Poemes de M\u00e0rius Sampere, Fel\u00edcia Fuster i Empar S\u00e1ez.<\/p>\n\n\n\n<p>M\u00fasiques de Johann Sebastian Bach, Jacques-Mart\u00edn Hotteterre, Henry Purcell i altres compositors.<\/p>\n\n\n\n<p>Int\u00e8rprets: Noem\u00ed Mart\u00ednez Agell (tiorba),<\/p>\n\n\n\n<p>Merc\u00e8 L\u00f3pez Gausa (flautes de bec) i Empar S\u00e1ez (rapsoda).<\/p>\n\n\n\n<p><strong>Taller de poesia<\/strong><\/p>\n\n\n\n<p>Paral\u00b7lelament tamb\u00e9 es portar\u00e0 a terme el Taller de poesia \u201cEls secrets de la recepta po\u00e8tica. Un taller per assaborir i cuinar poemes\u201d.<\/p>\n\n\n\n<p>Els dilluns 4, 11 i 18 de mar\u00e7 i 8 i 15 d&#8217;abril, de 18,30 h a 20 hores.<\/p>\n\n\n\n<p>A c\u00e0rrec de Myriam Soteras.<\/p>\n\n\n\n<p>Per al taller de poesia cal inscripci\u00f3 pr\u00e8via trucant al tel\u00e8fon 93 464 62 55 o escrivint al correu electr\u00f2nic <a href=\"mailto:espaibetulia@badalona.cat\">espaibetulia@badalona.cat<\/a><\/p>\n\n\n\n<p>L\u2019Espai Bet\u00falia, Centre de la paraula i les lletres, est\u00e0 situat al carrer d\u2019Enric Borr\u00e0s, 43-47 de Badalona.<\/p>\n\n\n\n<p>Podeu consultar tota la informaci\u00f3 en aquest enlla\u00e7:<\/p>\n\n\n\n<figure class=\"wp-block-embed is-type-wp-embed is-provider-espai-bet-lia wp-block-embed-espai-bet-lia\"><div class=\"wp-block-embed__wrapper\">\n<blockquote class=\"wp-embedded-content\" data-secret=\"UuqRH9Cvnk\"><a href=\"https:\/\/www.espaibetulia.cat\/event\/de-tants-dits-2024\/\">DE TANTS DITS 2024<\/a><\/blockquote><iframe loading=\"lazy\" class=\"wp-embedded-content\" sandbox=\"allow-scripts\" security=\"restricted\" style=\"position: absolute; clip: rect(1px, 1px, 1px, 1px);\" title=\"&#8220;DE TANTS DITS 2024&#8221; &#8212; Espai Bet\u00falia\" src=\"https:\/\/www.espaibetulia.cat\/event\/de-tants-dits-2024\/embed\/#?secret=YhJmxm9PmR#?secret=UuqRH9Cvnk\" data-secret=\"UuqRH9Cvnk\" width=\"600\" height=\"338\" frameborder=\"0\" marginwidth=\"0\" marginheight=\"0\" scrolling=\"no\"><\/iframe>\n<\/div><\/figure>\n","protected":false},"excerpt":{"rendered":"<p>L\u2019Espai Bet\u00falia, Centre de la paraula i les lletres, presenta el X Cicle de poesia \u201cDe tants dits 2024\u201d, tot un ventall d\u2019activitats al voltant de la poesia: xerrades; confer\u00e8ncies sobre llibres essencials de la poesia universal; recitat, concert musical i po\u00e8tic i taller de poesia. PROGRAMA Dimarts, 5 de mar\u00e7. 19 hores. C\u00f3mo leer [&hellip;]<\/p>\n","protected":false},"author":2,"featured_media":6553,"comment_status":"open","ping_status":"open","sticky":false,"template":"","format":"standard","meta":{"footnotes":""},"categories":[25],"tags":[],"class_list":{"0":"post-6552","1":"post","2":"type-post","3":"status-publish","4":"format-standard","5":"has-post-thumbnail","7":"category-cultura"},"_links":{"self":[{"href":"https:\/\/areabadalona.com\/diario\/wp-json\/wp\/v2\/posts\/6552","targetHints":{"allow":["GET"]}}],"collection":[{"href":"https:\/\/areabadalona.com\/diario\/wp-json\/wp\/v2\/posts"}],"about":[{"href":"https:\/\/areabadalona.com\/diario\/wp-json\/wp\/v2\/types\/post"}],"author":[{"embeddable":true,"href":"https:\/\/areabadalona.com\/diario\/wp-json\/wp\/v2\/users\/2"}],"replies":[{"embeddable":true,"href":"https:\/\/areabadalona.com\/diario\/wp-json\/wp\/v2\/comments?post=6552"}],"version-history":[{"count":1,"href":"https:\/\/areabadalona.com\/diario\/wp-json\/wp\/v2\/posts\/6552\/revisions"}],"predecessor-version":[{"id":6554,"href":"https:\/\/areabadalona.com\/diario\/wp-json\/wp\/v2\/posts\/6552\/revisions\/6554"}],"wp:featuredmedia":[{"embeddable":true,"href":"https:\/\/areabadalona.com\/diario\/wp-json\/wp\/v2\/media\/6553"}],"wp:attachment":[{"href":"https:\/\/areabadalona.com\/diario\/wp-json\/wp\/v2\/media?parent=6552"}],"wp:term":[{"taxonomy":"category","embeddable":true,"href":"https:\/\/areabadalona.com\/diario\/wp-json\/wp\/v2\/categories?post=6552"},{"taxonomy":"post_tag","embeddable":true,"href":"https:\/\/areabadalona.com\/diario\/wp-json\/wp\/v2\/tags?post=6552"}],"curies":[{"name":"wp","href":"https:\/\/api.w.org\/{rel}","templated":true}]}}