{"id":6548,"date":"2024-02-28T09:16:51","date_gmt":"2024-02-28T09:16:51","guid":{"rendered":"https:\/\/areabadalona.com\/diario\/?p=6548"},"modified":"2024-02-28T09:16:51","modified_gmt":"2024-02-28T09:16:51","slug":"badalona-celebra-els-dies-1-7-i-12-de-marc-lxie-congres-de-ciencia-deducacio-infantil-i-primaria","status":"publish","type":"post","link":"https:\/\/areabadalona.com\/diario\/2024\/02\/28\/badalona-celebra-els-dies-1-7-i-12-de-marc-lxie-congres-de-ciencia-deducacio-infantil-i-primaria\/","title":{"rendered":"Badalona celebra els dies 1, 7 i 12 de mar\u00e7 l\u2019XI\u00e8 Congr\u00e9s de Ci\u00e8ncia d\u2019Educaci\u00f3 Infantil i Prim\u00e0ria"},"content":{"rendered":"\n<p>Badalona celebra els dies 1, 7 i 12 de mar\u00e7, de 10 a 12 hores, al Museu de Badalona, l\u2019XI\u00e8 Congr\u00e9s de Ci\u00e8ncia d\u2019Educaci\u00f3 Infantil i Prim\u00e0ria, amb la participaci\u00f3 de 352 alumnes de les escoles Artur Martorell, Garb\u00ed Pere Verg\u00e9s, \u00cdtaca, Lola Anglada, Llibertat, Merc\u00e8 Rodoreda, Progr\u00e9s i Vent\u00f3s Mir.<\/p>\n\n\n\n<p>Les nenes i els nens participants presentaran els seus projectes de recerca, les seves investigacions i els resultats de les seves experi\u00e8ncies vinculades al coneixement del medi natural, els animals, les plantes, el funcionament del cos hum\u00e0, l\u2019alimentaci\u00f3, la terra o l\u2019univers.<\/p>\n\n\n\n<p>L\u2019XI\u00e8 Congr\u00e9s de Ci\u00e8ncia d\u2019Educaci\u00f3 Infantil i Prim\u00e0ria est\u00e0 organitzat per l\u2019Escola de Natura Angeleta Ferrer i l\u2019Escola del Mar, Centre d\u2019Estudis Marins, de l\u2019\u00c0rea de Medi Ambient; pel Servei d\u2019Educaci\u00f3 de l\u2019Ajuntament de Badalona; i pel Centre de Recursos Pedag\u00f2gics del Departament d\u2019Educaci\u00f3 de la Generalitat de Catalunya. Compta tamb\u00e9 amb la col\u00b7laboraci\u00f3 del Grupo Menarini.<\/p>\n","protected":false},"excerpt":{"rendered":"<p>Badalona celebra els dies 1, 7 i 12 de mar\u00e7, de 10 a 12 hores, al Museu de Badalona, l\u2019XI\u00e8 Congr\u00e9s de Ci\u00e8ncia d\u2019Educaci\u00f3 Infantil i Prim\u00e0ria, amb la participaci\u00f3 de 352 alumnes de les escoles Artur Martorell, Garb\u00ed Pere Verg\u00e9s, \u00cdtaca, Lola Anglada, Llibertat, Merc\u00e8 Rodoreda, Progr\u00e9s i Vent\u00f3s Mir. Les nenes i els [&hellip;]<\/p>\n","protected":false},"author":2,"featured_media":6550,"comment_status":"open","ping_status":"open","sticky":false,"template":"","format":"standard","meta":{"footnotes":""},"categories":[23],"tags":[],"class_list":{"0":"post-6548","1":"post","2":"type-post","3":"status-publish","4":"format-standard","5":"has-post-thumbnail","7":"category-actualitat"},"_links":{"self":[{"href":"https:\/\/areabadalona.com\/diario\/wp-json\/wp\/v2\/posts\/6548","targetHints":{"allow":["GET"]}}],"collection":[{"href":"https:\/\/areabadalona.com\/diario\/wp-json\/wp\/v2\/posts"}],"about":[{"href":"https:\/\/areabadalona.com\/diario\/wp-json\/wp\/v2\/types\/post"}],"author":[{"embeddable":true,"href":"https:\/\/areabadalona.com\/diario\/wp-json\/wp\/v2\/users\/2"}],"replies":[{"embeddable":true,"href":"https:\/\/areabadalona.com\/diario\/wp-json\/wp\/v2\/comments?post=6548"}],"version-history":[{"count":1,"href":"https:\/\/areabadalona.com\/diario\/wp-json\/wp\/v2\/posts\/6548\/revisions"}],"predecessor-version":[{"id":6551,"href":"https:\/\/areabadalona.com\/diario\/wp-json\/wp\/v2\/posts\/6548\/revisions\/6551"}],"wp:featuredmedia":[{"embeddable":true,"href":"https:\/\/areabadalona.com\/diario\/wp-json\/wp\/v2\/media\/6550"}],"wp:attachment":[{"href":"https:\/\/areabadalona.com\/diario\/wp-json\/wp\/v2\/media?parent=6548"}],"wp:term":[{"taxonomy":"category","embeddable":true,"href":"https:\/\/areabadalona.com\/diario\/wp-json\/wp\/v2\/categories?post=6548"},{"taxonomy":"post_tag","embeddable":true,"href":"https:\/\/areabadalona.com\/diario\/wp-json\/wp\/v2\/tags?post=6548"}],"curies":[{"name":"wp","href":"https:\/\/api.w.org\/{rel}","templated":true}]}}