{"id":6545,"date":"2024-02-27T10:06:54","date_gmt":"2024-02-27T10:06:54","guid":{"rendered":"https:\/\/areabadalona.com\/diario\/?p=6545"},"modified":"2024-02-27T10:06:54","modified_gmt":"2024-02-27T10:06:54","slug":"lajuntament-de-badalona-i-la-generalitat-signaran-un-conveni-amb-els-col%c2%b7legis-professionals-per-fer-una-radiografia-de-la-situacio-arran-de-lesfondrament-del-carrer-canigo","status":"publish","type":"post","link":"https:\/\/areabadalona.com\/diario\/2024\/02\/27\/lajuntament-de-badalona-i-la-generalitat-signaran-un-conveni-amb-els-col%c2%b7legis-professionals-per-fer-una-radiografia-de-la-situacio-arran-de-lesfondrament-del-carrer-canigo\/","title":{"rendered":"L\u2019Ajuntament de Badalona i la Generalitat signaran un conveni amb els col\u00b7legis professionals per fer una radiografia de la situaci\u00f3 arran de l\u2019esfondrament del carrer Canig\u00f3"},"content":{"rendered":"\n<p>L\u2019alcalde de Badalona, Xavier Garcia Albiol, la consellera de Territori de la Generalitat, Ester Capella i el vicepresident executiu de l\u2019\u00c0rea Metropolitana de Barcelona (AMB), Antoni Balm\u00f3n, s\u2019han reunit avui a Badalona per analitzar les conseq\u00fc\u00e8ncies i les actuacions a portar a terme derivades de l\u2019esfondrament de l\u2019edifici del carrer del Canig\u00f3 del barri del Raval de Badalona. En aquesta reuni\u00f3 la Generalitat ha manifestat la necessitat que es faci un conveni amb els col\u00b7legis professionals d\u2019arquitectes, arquitectes t\u00e8cnics i enginyers per a l\u2019elaboraci\u00f3 d\u2019un informe que permeti tenir una radiografia de la situaci\u00f3 dels pisos dels carrers Canig\u00f3, Llefi\u00e0 i Ausi\u00e0s March, i saber, per tant, quines actuacions s\u2019hauran de fer i en quins terminis.<\/p>\n\n\n\n<p>A part de l\u2019acord per a la signatura del conveni, en la reuni\u00f3 tamb\u00e9 s\u2019ha establert que la Generalitat buscar\u00e0 una soluci\u00f3 per als ve\u00efns de l\u2019escala afectada per l\u2019esfondrament, ja que no hi ha previsi\u00f3 que puguin tornar als seus habitatges a mitj\u00e0 termini. A la vegada, en funci\u00f3 de les conclusions de l\u2019informe que es far\u00e0 a partir del conveni, s\u2019avaluar\u00e0 una a una les situacions de cadascuna de les fam\u00edlies evacuades i s\u2019actuar\u00e0 en cada cas.<\/p>\n\n\n\n<p>L\u2019alcalde de Badalona, Xavier Garcia Albiol, ha explicat que, en paral\u00b7lel a la concreci\u00f3 d\u2019aquest conveni i a la realitzaci\u00f3 de l\u2019estudi, l\u2019empresa contractada per l\u2019Ajuntament continuar\u00e0 les inspeccions que porta ja fent gaireb\u00e9 una setmana fins a revisar els 440 habitatges de tota la promoci\u00f3 afectada. L\u2019empresa ha continuat treballant durant el cap de setmana i, fins al moment, ha inspeccionat les tres finques evacuades m\u00e9s altres quatre finques en les quals al llarg dels darrers dies hi havia hagut alguna alarma, per\u00f2 en les quals no s\u2019ha hagut d\u2019actuar.<\/p>\n\n\n\n<p>Garcia Albiol ha explicat que l\u2019estudi derivat del conveni se sumar\u00e0 a l\u2019estudi que est\u00e0 realitzant l\u2019Ajuntament amb l\u2019empresa especialista que ha contractat. Ha detallat que aquest estudi haur\u00e0 de permetre tenir clar quins s\u00f3n els calendaris i les accions a dur a terme en les finques evacuades, exceptuant el n\u00famero 9 del carrer Canig\u00f3, que est\u00e0 sota investigaci\u00f3 judicial i t\u00e9 un cam\u00ed a part.<\/p>\n\n\n\n<p>L\u2019alcalde ha assenyalat que l\u2019Ajuntament ha gastat fins al moment 100.000 euros en aquesta crisi. Ha recordat que, a m\u00e9s de l\u2019empresa que est\u00e0 fent les inspeccions dels pisos, s\u2019ha contractat un servei d\u2019assessorament jur\u00eddic als afectats per als seus tr\u00e0mits amb les asseguradores, s\u2019ha allotjat a m\u00e9s de 20 persones i que tamb\u00e9 s\u2019est\u00e0 proporcionant \u00e0pats a alguns ve\u00efns afectats que ho han sol\u00b7licitat a trav\u00e9s de l\u2019Hospital de Badalona.<\/p>\n\n\n\n<p>El vicepresident executiu de l\u2019\u00c0rea Metropolitana de Barcelona (AMB), Antoni Balm\u00f3n, ha afirmat que l\u2019AMB \u201ces va posar a disposici\u00f3 de l\u2019alcalde en el moment que ho va demanar, sobretot per a la fase de rehabilitaci\u00f3\u201d. Balm\u00f3n ha explicat que l\u2019\u00c0rea Metropolitana compta amb una s\u00e8rie d\u2019instruments del Consorci de Rehabilitaci\u00f3 d\u2019Habitatge Metropolit\u00e0, que est\u00e0 fent pol\u00edtiques de rehabilitaci\u00f3, i que \u201ct\u00e9 elements importants des del punt de vista d\u2019assegurar finan\u00e7ament i d\u2019intentar actuar en el moment que estigui identificada la situaci\u00f3 de forma correcta, per estar al costat dels ve\u00efns i ve\u00efnes de Badalona\u201d.<\/p>\n\n\n\n<p>La consellera Ester Capella ha expressat la voluntat de la Generalitat d\u2019estar al costat de l\u2019Ajuntament. \u201cAmb aquesta voluntat ja li vaig expressar a l\u2019alcalde que nosaltres hi ser\u00edem, i per aix\u00f2 hem d&#8217;analitzar b\u00e9 la situaci\u00f3 que tenim i quines s\u00f3n les respostes adequades\u201d, ha afirmat Capella. A part de la signatura del conveni, per al qual la consellera ha explicat que \u201cla Generalitat aportar\u00e0 la meitat dels recursos\u201d,&nbsp; Capella ha explicat que es buscar\u00e0 una soluci\u00f3 per a les fam\u00edlies de l\u2019escala afectada per l\u2019esfondrament. \u201cEn l\u2019edifici que es va esfondrar sabem que hem de buscar de forma immediata un reallotjament que vagi m\u00e9s enll\u00e0 d\u2019un termini curt de temps i en els altres edificis buscarem solucions en funci\u00f3 del que ens diguin els t\u00e8cnics i les solucions que s\u2019hagin d\u2019adoptar\u201d, ha assenyalat la consellera que ha advertit que no hi ha una resposta est\u00e0ndard igual per a tots els ve\u00efns.<\/p>\n","protected":false},"excerpt":{"rendered":"<p>L\u2019alcalde de Badalona, Xavier Garcia Albiol, la consellera de Territori de la Generalitat, Ester Capella i el vicepresident executiu de l\u2019\u00c0rea Metropolitana de Barcelona (AMB), Antoni Balm\u00f3n, s\u2019han reunit avui a Badalona per analitzar les conseq\u00fc\u00e8ncies i les actuacions a portar a terme derivades de l\u2019esfondrament de l\u2019edifici del carrer del Canig\u00f3 del barri del [&hellip;]<\/p>\n","protected":false},"author":2,"featured_media":6546,"comment_status":"open","ping_status":"open","sticky":false,"template":"","format":"standard","meta":{"footnotes":""},"categories":[23],"tags":[],"class_list":{"0":"post-6545","1":"post","2":"type-post","3":"status-publish","4":"format-standard","5":"has-post-thumbnail","7":"category-actualitat"},"_links":{"self":[{"href":"https:\/\/areabadalona.com\/diario\/wp-json\/wp\/v2\/posts\/6545","targetHints":{"allow":["GET"]}}],"collection":[{"href":"https:\/\/areabadalona.com\/diario\/wp-json\/wp\/v2\/posts"}],"about":[{"href":"https:\/\/areabadalona.com\/diario\/wp-json\/wp\/v2\/types\/post"}],"author":[{"embeddable":true,"href":"https:\/\/areabadalona.com\/diario\/wp-json\/wp\/v2\/users\/2"}],"replies":[{"embeddable":true,"href":"https:\/\/areabadalona.com\/diario\/wp-json\/wp\/v2\/comments?post=6545"}],"version-history":[{"count":1,"href":"https:\/\/areabadalona.com\/diario\/wp-json\/wp\/v2\/posts\/6545\/revisions"}],"predecessor-version":[{"id":6547,"href":"https:\/\/areabadalona.com\/diario\/wp-json\/wp\/v2\/posts\/6545\/revisions\/6547"}],"wp:featuredmedia":[{"embeddable":true,"href":"https:\/\/areabadalona.com\/diario\/wp-json\/wp\/v2\/media\/6546"}],"wp:attachment":[{"href":"https:\/\/areabadalona.com\/diario\/wp-json\/wp\/v2\/media?parent=6545"}],"wp:term":[{"taxonomy":"category","embeddable":true,"href":"https:\/\/areabadalona.com\/diario\/wp-json\/wp\/v2\/categories?post=6545"},{"taxonomy":"post_tag","embeddable":true,"href":"https:\/\/areabadalona.com\/diario\/wp-json\/wp\/v2\/tags?post=6545"}],"curies":[{"name":"wp","href":"https:\/\/api.w.org\/{rel}","templated":true}]}}