{"id":6542,"date":"2024-02-27T10:01:01","date_gmt":"2024-02-27T10:01:01","guid":{"rendered":"https:\/\/areabadalona.com\/diario\/?p=6542"},"modified":"2024-02-27T10:01:02","modified_gmt":"2024-02-27T10:01:02","slug":"abacus-organitza-la-2a-edicio-del-bdnnegra-el-festival-de-novel%c2%b7la-negra-debadalona","status":"publish","type":"post","link":"https:\/\/areabadalona.com\/diario\/2024\/02\/27\/abacus-organitza-la-2a-edicio-del-bdnnegra-el-festival-de-novel%c2%b7la-negra-debadalona\/","title":{"rendered":"Abacus organitza la 2a edici\u00f3 del \u201cBDNNegra\u201d, el festival de novel\u00b7la negra deBadalona"},"content":{"rendered":"\n<p>Un any m\u00e9s, Badalona es tenyeix de negre per acollir la<br>segona edici\u00f3 del BDN Negra, el festival de novel\u00b7la negra de la ciutat. Fins a una quinzena<br>d\u2019autors com Cl\u00e0udia Pujol, Jordi Matamoros, Assumpta Montell\u00e0 o Marc Moreno, entre<br>d\u2019altres, ompliran d\u2019intriga i misteri la Cooperativa La Moral (C\/ G\u00fcell i Ferrer, 86) els dies 1 i<br>2 de mar\u00e7. La iniciativa, impulsada pels establiments d&#8217;Abacus a Badalona (al Centre Comercial<br>M\u00e0gic i al carrer Francesc Maci\u00e0, 60), compta amb la participaci\u00f3 d&#8217;editorials com Terra Ignota,<br>Alrev\u00e9s, Llibres del Delicte o Ara Llibres.<br>El divendres 1 de mar\u00e7 a les 18:30 hores tindr\u00e0 lloc l\u2019acte d\u2019obertura. Anir\u00e0 seguit d\u2019una taula<br>rodona sobre Catalunya com a escenari criminal moderada per Cl\u00e0udia Pujol i amb la<br>participaci\u00f3 dels principals referents del g\u00e8nere, com Bru Rovira o Laia Vilaseca. La segona<br>jornada del festival, dissabte 2 de mar\u00e7, s\u2019iniciar\u00e0 a les onze del mat\u00ed amb una marat\u00f3 de jocs<br>de taula criminals i detectivescos. Per la tarda, se succeiran tres taules rodones: Creativitat.<br>Badalona escriu Negra, Investigadores: de la policia a la detectiu accidental, i Fascinaci\u00f3 pel<br>crim i la maldat. El certament \u201cBDN Negra\u201d comptar\u00e0 amb una destacada pres\u00e8ncia d\u2019autors<br>badalonins com Joana Hermoso, Jordi Corbera o Jordi Matamoros. El festival finalitzar\u00e0 a les<br>vuit de la tarda amb un acte especial de cloenda.<br>El programa complet ja es pot consultar a la p\u00e0gina web d\u2019<a href=\"https:\/\/abacus.cat\/activitat\/badalona-negra\/\">Abacus<\/a>.<br><\/p>\n","protected":false},"excerpt":{"rendered":"<p>Un any m\u00e9s, Badalona es tenyeix de negre per acollir lasegona edici\u00f3 del BDN Negra, el festival de novel\u00b7la negra de la ciutat. Fins a una quinzenad\u2019autors com Cl\u00e0udia Pujol, Jordi Matamoros, Assumpta Montell\u00e0 o Marc Moreno, entred\u2019altres, ompliran d\u2019intriga i misteri la Cooperativa La Moral (C\/ G\u00fcell i Ferrer, 86) els dies 1 i2 [&hellip;]<\/p>\n","protected":false},"author":2,"featured_media":6543,"comment_status":"open","ping_status":"open","sticky":false,"template":"","format":"standard","meta":{"footnotes":""},"categories":[25],"tags":[],"class_list":{"0":"post-6542","1":"post","2":"type-post","3":"status-publish","4":"format-standard","5":"has-post-thumbnail","7":"category-cultura"},"_links":{"self":[{"href":"https:\/\/areabadalona.com\/diario\/wp-json\/wp\/v2\/posts\/6542","targetHints":{"allow":["GET"]}}],"collection":[{"href":"https:\/\/areabadalona.com\/diario\/wp-json\/wp\/v2\/posts"}],"about":[{"href":"https:\/\/areabadalona.com\/diario\/wp-json\/wp\/v2\/types\/post"}],"author":[{"embeddable":true,"href":"https:\/\/areabadalona.com\/diario\/wp-json\/wp\/v2\/users\/2"}],"replies":[{"embeddable":true,"href":"https:\/\/areabadalona.com\/diario\/wp-json\/wp\/v2\/comments?post=6542"}],"version-history":[{"count":1,"href":"https:\/\/areabadalona.com\/diario\/wp-json\/wp\/v2\/posts\/6542\/revisions"}],"predecessor-version":[{"id":6544,"href":"https:\/\/areabadalona.com\/diario\/wp-json\/wp\/v2\/posts\/6542\/revisions\/6544"}],"wp:featuredmedia":[{"embeddable":true,"href":"https:\/\/areabadalona.com\/diario\/wp-json\/wp\/v2\/media\/6543"}],"wp:attachment":[{"href":"https:\/\/areabadalona.com\/diario\/wp-json\/wp\/v2\/media?parent=6542"}],"wp:term":[{"taxonomy":"category","embeddable":true,"href":"https:\/\/areabadalona.com\/diario\/wp-json\/wp\/v2\/categories?post=6542"},{"taxonomy":"post_tag","embeddable":true,"href":"https:\/\/areabadalona.com\/diario\/wp-json\/wp\/v2\/tags?post=6542"}],"curies":[{"name":"wp","href":"https:\/\/api.w.org\/{rel}","templated":true}]}}