{"id":6480,"date":"2024-02-16T11:26:11","date_gmt":"2024-02-16T11:26:11","guid":{"rendered":"https:\/\/areabadalona.com\/diario\/?p=6480"},"modified":"2024-02-19T11:27:00","modified_gmt":"2024-02-19T11:27:00","slug":"lajuntament-de-badalona-demana-a-la-generalitat-una-inspeccio-tecnica-dels-edificis-que-va-fer-la-mateixa-constructora-que-el-del-carrer-canigo-per-comprovar-si-shan-de-reforcar","status":"publish","type":"post","link":"https:\/\/areabadalona.com\/diario\/2024\/02\/16\/lajuntament-de-badalona-demana-a-la-generalitat-una-inspeccio-tecnica-dels-edificis-que-va-fer-la-mateixa-constructora-que-el-del-carrer-canigo-per-comprovar-si-shan-de-reforcar\/","title":{"rendered":"L\u2019Ajuntament de Badalona demana a la Generalitat una inspecci\u00f3 t\u00e8cnica dels edificis que va fer la mateixa constructora que el del carrer Canig\u00f3 per comprovar si s\u2019han de refor\u00e7ar"},"content":{"rendered":"\n<p>L\u2019Ajuntament de Badalona ha demanat oficialment a la Generalitat de Catalunya que, en virtut de les seves compet\u00e8ncies, s\u2019encarregui de fer una inspecci\u00f3 de les finques de l\u2019\u00e0rea d\u2019influ\u00e8ncia dels carrer del Canig\u00f3, on la passada setmana es va esfondrar un edifici causant tres v\u00edctimes mortals. La petici\u00f3 implica la revisi\u00f3 dels edificis que formen l\u2019illa de cases dels carrer del Canig\u00f3, Ausi\u00e0s Marc i Llefi\u00e0 i que en total sumen 420 habitatges. Aquesta demanda s\u2019ha fet en la primera reuni\u00f3 del grup de treball d\u2019emerg\u00e8ncia creat entre l\u2019Ajuntament de Badalona i la Generalitat per avaluar la situaci\u00f3 dels immobles de la zona propera al carrer del Canig\u00f3.<\/p>\n\n\n\n<p>Per donar resposta a la petici\u00f3, l\u2019Ajuntament de Badalona i la Generalitat s\u2019han instat a signar en els pr\u00f2xims dies un conveni en qu\u00e8 tamb\u00e9 tinguin pres\u00e8ncia els col\u00b7legis professionals d\u2019Arquitectes i d\u2019Aparelladors amb l\u2019objectiu de poder comptar amb els perfils m\u00e9s especialitzats tant per a les inspeccions com per a les possibles actuacions posteriors, en cas que calguin. Aquest conveni permetr\u00e0 comprovar amb la m\u00e0xima celeritat possible que els edificis es troben en bones condicions i detectar, si \u00e9s necessari, quines actuacions s\u2019han de fer en els blocs per tal d\u2019assegurar la seva estructura.<\/p>\n\n\n\n<p>En aquest sentit, l\u2019Ajuntament de Badalona ha demanat tamb\u00e9 a la Generalitat que obri una l\u00ednia d\u2019ajudes per als ve\u00efns si s\u2019han de fer obres estructurals en aquestes finques. Les ajudes tamb\u00e9 haurien de cobrir les actuacions que ja s\u2019ha confirmat que han de dur a terme els propietaris dels habitatges del carrer Canig\u00f3 7, que va ser desallotjat aquest dimecres per motius de seguretat.<\/p>\n\n\n\n<p>En la trobada del grup de treball d\u2019emerg\u00e8ncia han participat el tercer tinent d\u2019alcalde i regidor de l\u2019\u00c0mbit de Territori i Sostenibilitat, Daniel Gracia; la quarta tinenta d\u2019alcaldia i regidora de l\u2019\u00c0mbit de Comunicaci\u00f3, Fons Europeus i Protecci\u00f3 a les Persones, Rosa del Amo; la regidora delegada de l\u2019\u00c0rea de Serveis Socials i Entitats Regionals, Mar\u00eda Carmen Exp\u00f3sito; el delegat del Govern de la Generalitat a Barcelona, Joan Borr\u00e0s;&nbsp; i dos&nbsp; responsables de l\u2019Ag\u00e8ncia de l\u2019Habitatge de Catalunya.<\/p>\n\n\n\n<p>Daniel Gracia, ha explicat que \u201c\u00e9s indispensable inspeccionar els carrers del Canig\u00f3, Llefi\u00e0 i&nbsp; Ausi\u00e0s March per donar certeses i tranquil\u00b7litat als ve\u00efns que viuen en els 420 habitatges que va fer la mateixa constructora que els pisos que van patir l\u2019esfondrament la setmana passada\u201d. Gracia ha destacat que \u201c\u00e9s evident&nbsp; que l\u2019ITE s\u2019ha mostrat inoperant\u201d. \u201cPer tant, hem de fer un pas m\u00e9s enll\u00e0 en el tipus d\u2019inspeccions i comptar amb els millors professionals per garantir l\u2019estabilitat dels edificis\u201d, ha afegit el tinent d\u2019alcaldia.<\/p>\n\n\n\n<p>Daniel Gracia ha assenyalat que l\u2019Ajuntament t\u00e9 la urg\u00e8ncia d\u2019avan\u00e7ar el m\u00e9s r\u00e0pid possible, pel fet que ja s\u00f3n 40 els ve\u00efns que no poden tornar als seus habitatges. El calendari de l\u2019Ajuntament de Badalona se centra primerament en la setmana vinent, quan s\u2019espera poder enllestir aquest conveni entre l\u2019Ajuntament, la Generalitat i els col\u00b7legis professionals d\u2019Arquitectes i Aparelladors. A m\u00e9s, el pr\u00f2xim dilluns es far\u00e0 una reuni\u00f3 informativa amb els propietaris dels 420 habitatges del mateix constructor que hi ha als carrers del Canig\u00f3, Llefi\u00e0 i&nbsp; Ausi\u00e0s March.<\/p>\n\n\n\n<p>Gracia ha assenyalat la bona predisposici\u00f3 de la Generalitat i ha afegit que \u201cara falta que aquesta sensibilitat es plasmi en el conveni, en les inspeccions i en els ajuts per a les hipot\u00e8tiques obres de refor\u00e7 que s\u2019hagin de fer, que en el cas del n\u00famero 7 ja s\u2019han confirmat\u201d.<\/p>\n","protected":false},"excerpt":{"rendered":"<p>L\u2019Ajuntament de Badalona ha demanat oficialment a la Generalitat de Catalunya que, en virtut de les seves compet\u00e8ncies, s\u2019encarregui de fer una inspecci\u00f3 de les finques de l\u2019\u00e0rea d\u2019influ\u00e8ncia dels carrer del Canig\u00f3, on la passada setmana es va esfondrar un edifici causant tres v\u00edctimes mortals. La petici\u00f3 implica la revisi\u00f3 dels edificis que formen [&hellip;]<\/p>\n","protected":false},"author":1,"featured_media":6481,"comment_status":"open","ping_status":"open","sticky":false,"template":"","format":"standard","meta":{"footnotes":""},"categories":[23],"tags":[],"class_list":{"0":"post-6480","1":"post","2":"type-post","3":"status-publish","4":"format-standard","5":"has-post-thumbnail","7":"category-actualitat"},"_links":{"self":[{"href":"https:\/\/areabadalona.com\/diario\/wp-json\/wp\/v2\/posts\/6480","targetHints":{"allow":["GET"]}}],"collection":[{"href":"https:\/\/areabadalona.com\/diario\/wp-json\/wp\/v2\/posts"}],"about":[{"href":"https:\/\/areabadalona.com\/diario\/wp-json\/wp\/v2\/types\/post"}],"author":[{"embeddable":true,"href":"https:\/\/areabadalona.com\/diario\/wp-json\/wp\/v2\/users\/1"}],"replies":[{"embeddable":true,"href":"https:\/\/areabadalona.com\/diario\/wp-json\/wp\/v2\/comments?post=6480"}],"version-history":[{"count":1,"href":"https:\/\/areabadalona.com\/diario\/wp-json\/wp\/v2\/posts\/6480\/revisions"}],"predecessor-version":[{"id":6482,"href":"https:\/\/areabadalona.com\/diario\/wp-json\/wp\/v2\/posts\/6480\/revisions\/6482"}],"wp:featuredmedia":[{"embeddable":true,"href":"https:\/\/areabadalona.com\/diario\/wp-json\/wp\/v2\/media\/6481"}],"wp:attachment":[{"href":"https:\/\/areabadalona.com\/diario\/wp-json\/wp\/v2\/media?parent=6480"}],"wp:term":[{"taxonomy":"category","embeddable":true,"href":"https:\/\/areabadalona.com\/diario\/wp-json\/wp\/v2\/categories?post=6480"},{"taxonomy":"post_tag","embeddable":true,"href":"https:\/\/areabadalona.com\/diario\/wp-json\/wp\/v2\/tags?post=6480"}],"curies":[{"name":"wp","href":"https:\/\/api.w.org\/{rel}","templated":true}]}}