{"id":6476,"date":"2024-02-19T12:50:20","date_gmt":"2024-02-19T12:50:20","guid":{"rendered":"https:\/\/areabadalona.com\/diario\/?p=6476"},"modified":"2024-02-19T12:50:20","modified_gmt":"2024-02-19T12:50:20","slug":"badalona-tindra-als-barris-de-coll-i-pujol-i-sant-crist-una-sala-destudi-que-obrira-24-hores-tots-els-dies-de-lany","status":"publish","type":"post","link":"https:\/\/areabadalona.com\/diario\/2024\/02\/19\/badalona-tindra-als-barris-de-coll-i-pujol-i-sant-crist-una-sala-destudi-que-obrira-24-hores-tots-els-dies-de-lany\/","title":{"rendered":"Badalona tindr\u00e0 als barris de Coll i Pujol i Sant Crist una sala d\u2019estudi que obrir\u00e0 24 hores tots els dies de l\u2019any"},"content":{"rendered":"\n<p>Badalona tindr\u00e0 una sala d\u2019estudi que obrir\u00e0 les 24 hores al dia, els 365 dies l\u2019any. Aquest equipament estar\u00e0 situat al carrer d\u2019en Vila i Vall-llebrera, al barri de Coll i Pujol i Sant Crist de Can Cabanyes. Ser\u00e0 un espai aut\u00f2nom i segur perqu\u00e8 l\u2019acc\u00e9s, per als ciutadans de Badalona, es far\u00e0 a trav\u00e9s d\u2019una aplicaci\u00f3 i la seguretat estar\u00e0 garantida a trav\u00e9s d\u2019un circuit intern de vigil\u00e0ncia amb c\u00e0meres connectat a la Gu\u00e0rdia Urbana. El nou equipament estar\u00e0 situat als baixos d\u2019un nou edifici, amb una superf\u00edcie de 400 m2 i disposar\u00e0 de tres espais diferenciats destinats a la lectura, a l\u2019estudi i una altra zona equipada per al treball en grup.<\/p>\n\n\n\n<p>L\u2019anunci d\u2019aquest nou espai l\u2019han fet avui en roda de premsa l\u2019alcalde de Badalona, Xavier Garcia Albiol, i el tercer tinent d\u2019alcaldia i regidor de l\u2019\u00c0mbit de Territori i Sostenibilitat, Daniel Gracia. L\u2019alcalde ha destacat que \u201caquest \u00e9s el primer equipament nou que tindr\u00e0 la ciutat des de fa 9 anys, ja que no se n\u2019ha fet cap des que es va posar en funcionament l\u2019Estadi Municipal de Badalona\u201d. Concretant m\u00e9s, l\u2019alcalde ha destacat que \u201cla nova sala d\u2019estudi ser\u00e0 el primer equipament de la hist\u00f2ria al barri de Coll i Pujol i el primer equipament de tipus cultural al barri de Sant Crist\u201d. En aquest sentit, l\u2019alcalde ha afirmat que la nova sala d\u2019estudis suposar\u00e0 un aven\u00e7 en la vertebraci\u00f3 de la ciutat i que amb aquesta actuaci\u00f3 la ciutat paga un deute pendent amb Coll i Pujol, que ha estat un barri \u201coblidat\u201d des del punt de vista dels equipaments.<\/p>\n\n\n\n<p>Garcia Albiol ha explicat que la inversi\u00f3 municipal en aquest nou equipament ser\u00e0 de 300.000 euros i ha destacat que la nova sala d\u2019estudi ser\u00e0 un exemple de modernitat. Les obres d\u2019adequaci\u00f3 ja han comen\u00e7at i estaran finalitzades abans de l\u2019estiu. Despr\u00e9s s\u2019haur\u00e0 de dotar l\u2019espai de mobiliari i instal\u00b7lar-hi els elements tecnol\u00f2gics, de manera que l\u2019entrada en funcionament es preveu per al segon semestre d\u2019aquest any. Xavier Garcia Albiol ha avan\u00e7at que \u201caquesta sala d\u2019estudis no ser\u00e0 l\u2019\u00fanica que aquest Govern municipal posar\u00e0 en marxa, perqu\u00e8 en aquest mandat Badalona en tindr\u00e0 dues m\u00e9s\u201d.<\/p>\n","protected":false},"excerpt":{"rendered":"<p>Badalona tindr\u00e0 una sala d\u2019estudi que obrir\u00e0 les 24 hores al dia, els 365 dies l\u2019any. Aquest equipament estar\u00e0 situat al carrer d\u2019en Vila i Vall-llebrera, al barri de Coll i Pujol i Sant Crist de Can Cabanyes. Ser\u00e0 un espai aut\u00f2nom i segur perqu\u00e8 l\u2019acc\u00e9s, per als ciutadans de Badalona, es far\u00e0 a trav\u00e9s [&hellip;]<\/p>\n","protected":false},"author":2,"featured_media":6483,"comment_status":"open","ping_status":"open","sticky":false,"template":"","format":"standard","meta":{"footnotes":""},"categories":[23],"tags":[],"class_list":{"0":"post-6476","1":"post","2":"type-post","3":"status-publish","4":"format-standard","5":"has-post-thumbnail","7":"category-actualitat"},"_links":{"self":[{"href":"https:\/\/areabadalona.com\/diario\/wp-json\/wp\/v2\/posts\/6476","targetHints":{"allow":["GET"]}}],"collection":[{"href":"https:\/\/areabadalona.com\/diario\/wp-json\/wp\/v2\/posts"}],"about":[{"href":"https:\/\/areabadalona.com\/diario\/wp-json\/wp\/v2\/types\/post"}],"author":[{"embeddable":true,"href":"https:\/\/areabadalona.com\/diario\/wp-json\/wp\/v2\/users\/2"}],"replies":[{"embeddable":true,"href":"https:\/\/areabadalona.com\/diario\/wp-json\/wp\/v2\/comments?post=6476"}],"version-history":[{"count":1,"href":"https:\/\/areabadalona.com\/diario\/wp-json\/wp\/v2\/posts\/6476\/revisions"}],"predecessor-version":[{"id":6484,"href":"https:\/\/areabadalona.com\/diario\/wp-json\/wp\/v2\/posts\/6476\/revisions\/6484"}],"wp:featuredmedia":[{"embeddable":true,"href":"https:\/\/areabadalona.com\/diario\/wp-json\/wp\/v2\/media\/6483"}],"wp:attachment":[{"href":"https:\/\/areabadalona.com\/diario\/wp-json\/wp\/v2\/media?parent=6476"}],"wp:term":[{"taxonomy":"category","embeddable":true,"href":"https:\/\/areabadalona.com\/diario\/wp-json\/wp\/v2\/categories?post=6476"},{"taxonomy":"post_tag","embeddable":true,"href":"https:\/\/areabadalona.com\/diario\/wp-json\/wp\/v2\/tags?post=6476"}],"curies":[{"name":"wp","href":"https:\/\/api.w.org\/{rel}","templated":true}]}}