{"id":6472,"date":"2024-02-16T11:05:12","date_gmt":"2024-02-16T11:05:12","guid":{"rendered":"https:\/\/areabadalona.com\/diario\/?p=6472"},"modified":"2024-02-16T11:05:12","modified_gmt":"2024-02-16T11:05:12","slug":"badalona-participa-en-el-18e-cicle-dactivitats-als-parcs-platges-i-rius-metropolitans","status":"publish","type":"post","link":"https:\/\/areabadalona.com\/diario\/2024\/02\/16\/badalona-participa-en-el-18e-cicle-dactivitats-als-parcs-platges-i-rius-metropolitans\/","title":{"rendered":"Badalona participa en el 18\u00e8 Cicle d&#8217;activitats als parcs, platges i rius metropolitans"},"content":{"rendered":"\n<p>Badalona torna a ser present en la divuitena edici\u00f3 del Cicle d\u2019activitats als parcs, platges i rius metropolitans, organitzat per l\u2019\u00c0rea Metropolitana de Barcelona i el Museu de Ci\u00e8ncies Naturals de Barcelona. La programaci\u00f3 per aquest any 2024 presenta un seguit d\u2019activitats i propostes ben diverses per con\u00e8ixer i gaudir dels espais metropolitans amb tallers, visites guiades, itineraris de natura, jocs en fam\u00edlia i jornades participatives, entre altres. L\u2019objectiu \u00e9s que es descobreixen els valors dels parcs, les platges i els rius metropolitans.<\/p>\n\n\n\n<p><strong>Programaci\u00f3 2024. Activitats a Badalona<\/strong><\/p>\n\n\n\n<p><strong>Diumenge 10 de mar\u00e7<\/strong><\/p>\n\n\n\n<p><strong>Geologia i paisatge de la serralada de Marina<\/strong><\/p>\n\n\n\n<p>De 9.30 a 13.30 hores. Del parc del Torrent de la Font i del Tur\u00f3 de l&#8217;Enric (punt de trobada a la xemeneia de la b\u00f2bila) al poblat ib\u00e8ric del tur\u00f3 d\u2019en Bosc\u00e0.<\/p>\n\n\n\n<p>Itinerari geol\u00f2gic guiat on es podr\u00e0 observar el patrimoni geol\u00f2gic de Badalona, des dels materials basals gran\u00edtics (amb els diferents tipus de roques i minerals) fins a la coberta tri\u00e0sica amb greixos i materials calcaris amb les seves estructures sediment\u00e0ries i tect\u00f2niques. Els materials plioquaternaris, la geomorfologia i el pr\u00f2xim passat amb el seu patrimoni geol\u00f2gic i miner del torrent de la Font (b\u00f2vila) conformen els trets principals de la sortida.<\/p>\n\n\n\n<p>A c\u00e0rrec d\u2019ALOC Natura.<\/p>\n\n\n\n<p><strong>Diumenge 21 d\u2019abril<\/strong><\/p>\n\n\n\n<p><strong>Tastet ecol\u00f2gic. De parc del Torrent de la Font i del Tur\u00f3 de l\u2019Enric als horts ecol\u00f2gics de Sant Jeroni de la Murtra<\/strong><\/p>\n\n\n\n<p>De 9.30 a 11.30 hores. Caminada des del torrent de la Font fins a arribar als horts ecol\u00f2gics de Sant Jeroni de la Murtra, tot passejant per paisatges fortament humanitzats i coneixent diferents ecosistemes del parc. Per acabar el mat\u00ed es far\u00e0 un petit tastet ecol\u00f2gic.<\/p>\n\n\n\n<p><strong>Diumenge 28 d\u2019abril<\/strong><\/p>\n\n\n\n<p><strong>El dia de les papallones<\/strong><\/p>\n\n\n\n<p>A les \u2018Jugatecambientals\u2019 dels parcs metropolitans.<\/p>\n\n\n\n<p>(Tota la informaci\u00f3 a <a href=\"http:\/\/www.amb.cat\/jugatecambiental\">www.amb.cat\/jugatecambiental<\/a>&nbsp;).<\/p>\n\n\n\n<p><strong>Itinerari bot\u00e0nic al parc de Can Solei i de Ca l\u2019Arn\u00fas <\/strong>(Minicicle de patrimoni)<\/p>\n\n\n\n<p>El parc de Can Solei i de Ca l\u2019Arn\u00fas \u00e9s un indret \u00fanic a Badalona, amb edificacions singulars i uns jardins rom\u00e0ntics que acullen una gran riquesa vegetal, amb arbres d\u2019or\u00edgens molt diversos. De la m\u00e0 d\u2019un expert, es far\u00e0 un itinerari per tal de descobrir la vegetaci\u00f3 i els diferents exemplars bot\u00e0nics del parc.<\/p>\n\n\n\n<p>El punt de trobada ser\u00e0 la \u2018Jugatecambiental\u2019 del parc. Entrada pel carrer de la Seu d&#8217;Urgell. Activitat d\u201911.30 a 13.30 hores.<\/p>\n\n\n\n<p><strong>Diumenge 5 de maig<\/strong><\/p>\n\n\n\n<p><strong>Ornitologia: comptem ocells marins <\/strong>(Minicicle de BioPlatgesMet)<\/p>\n\n\n\n<p>Platja del Coco de Badalona. Des de les 11.30 a les 13.30 hores.<\/p>\n\n\n\n<p><strong>Dissabte 25 de maig<\/strong><\/p>\n\n\n\n<p><strong>Celebrem el Dia de la Biodiversitat. Bioblitz Metropolit\u00e0! <\/strong>Activitats per a identificar la biodiversitat als parcs i platges dels 36 municipis de l&#8217;\u00e0rea metropolitana de Barcelona, inclosos diversos espais a Badalona. Caldr\u00e0 consultar m\u00e9s endavant el web <a href=\"http:\/\/www.amb.cat\/jugatecambiental\">www.amb.cat\/jugatecambiental<\/a> per con\u00e8ixer la programaci\u00f3.<\/p>\n\n\n\n<p>Per a m\u00e9s informaci\u00f3 i inscripcions:<\/p>\n\n\n\n<p><a href=\"http:\/\/www.agenda.cat\/agenda\">www.agenda.cat\/agenda<\/a><\/p>\n\n\n\n<p>Correu electr\u00f2nic: <a href=\"mailto:activitatsmetropolitanes@bcn.cat\">activitatsmetropolitanes@bcn.cat<\/a><\/p>\n\n\n\n<p>Tel\u00e8fon: 93 256 22 20 (de 10 a 13 hores de dilluns a divendres)<\/p>\n\n\n\n<p>Llistat de les activitats. Programaci\u00f3 2024: <a href=\"https:\/\/tuit.cat\/9ckc9\">https:\/\/tuit.cat\/9ckc9<\/a><\/p>\n","protected":false},"excerpt":{"rendered":"<p>Badalona torna a ser present en la divuitena edici\u00f3 del Cicle d\u2019activitats als parcs, platges i rius metropolitans, organitzat per l\u2019\u00c0rea Metropolitana de Barcelona i el Museu de Ci\u00e8ncies Naturals de Barcelona. La programaci\u00f3 per aquest any 2024 presenta un seguit d\u2019activitats i propostes ben diverses per con\u00e8ixer i gaudir dels espais metropolitans amb tallers, [&hellip;]<\/p>\n","protected":false},"author":2,"featured_media":6473,"comment_status":"open","ping_status":"open","sticky":false,"template":"","format":"standard","meta":{"footnotes":""},"categories":[23,24],"tags":[],"class_list":{"0":"post-6472","1":"post","2":"type-post","3":"status-publish","4":"format-standard","5":"has-post-thumbnail","7":"category-actualitat","8":"category-societat"},"_links":{"self":[{"href":"https:\/\/areabadalona.com\/diario\/wp-json\/wp\/v2\/posts\/6472","targetHints":{"allow":["GET"]}}],"collection":[{"href":"https:\/\/areabadalona.com\/diario\/wp-json\/wp\/v2\/posts"}],"about":[{"href":"https:\/\/areabadalona.com\/diario\/wp-json\/wp\/v2\/types\/post"}],"author":[{"embeddable":true,"href":"https:\/\/areabadalona.com\/diario\/wp-json\/wp\/v2\/users\/2"}],"replies":[{"embeddable":true,"href":"https:\/\/areabadalona.com\/diario\/wp-json\/wp\/v2\/comments?post=6472"}],"version-history":[{"count":1,"href":"https:\/\/areabadalona.com\/diario\/wp-json\/wp\/v2\/posts\/6472\/revisions"}],"predecessor-version":[{"id":6474,"href":"https:\/\/areabadalona.com\/diario\/wp-json\/wp\/v2\/posts\/6472\/revisions\/6474"}],"wp:featuredmedia":[{"embeddable":true,"href":"https:\/\/areabadalona.com\/diario\/wp-json\/wp\/v2\/media\/6473"}],"wp:attachment":[{"href":"https:\/\/areabadalona.com\/diario\/wp-json\/wp\/v2\/media?parent=6472"}],"wp:term":[{"taxonomy":"category","embeddable":true,"href":"https:\/\/areabadalona.com\/diario\/wp-json\/wp\/v2\/categories?post=6472"},{"taxonomy":"post_tag","embeddable":true,"href":"https:\/\/areabadalona.com\/diario\/wp-json\/wp\/v2\/tags?post=6472"}],"curies":[{"name":"wp","href":"https:\/\/api.w.org\/{rel}","templated":true}]}}