{"id":6469,"date":"2024-02-15T15:03:00","date_gmt":"2024-02-15T15:03:00","guid":{"rendered":"https:\/\/areabadalona.com\/diario\/?p=6469"},"modified":"2024-02-16T10:06:04","modified_gmt":"2024-02-16T10:06:04","slug":"diumenge-25-de-febrer-tindra-lloc-a-badalona-la-xii-edicio-de-la-cursa-benefica-malalties-minoritaries","status":"publish","type":"post","link":"https:\/\/areabadalona.com\/diario\/2024\/02\/15\/diumenge-25-de-febrer-tindra-lloc-a-badalona-la-xii-edicio-de-la-cursa-benefica-malalties-minoritaries\/","title":{"rendered":"Diumenge 25 de febrer tindr\u00e0 lloc a Badalona la XII edici\u00f3 de la Cursa Ben\u00e8fica Malalties Minorit\u00e0ries"},"content":{"rendered":"\n<p>Avui s\u2019ha presentat al Centre Comercial Montigal\u00e0 la dotzena edici\u00f3 de la Cursa Ben\u00e8fica Malalties Minorit\u00e0ries que es correr\u00e0 a Badalona el pr\u00f2xim diumenge 25 de febrer. Aquesta cursa urbana, amb sortida i arribada al passeig Mar\u00edtim, al costat del Port, comen\u00e7ar\u00e0 a les 8.30 hores, amb una caminada de 5 km. Posteriorment, a les 9.30 hores, es celebraran les curses de 5 i 10 km, per acabar a les 11 hores, amb la cursa infantil de 400 metres.<\/p>\n\n\n\n<p>L\u2019acte de presentaci\u00f3 ha comptat amb la pres\u00e8ncia de la quarta tinenta d\u2019alcaldia i regidora de l\u2019\u00c0mbit de Comunicaci\u00f3. Fons Europeus i Protecci\u00f3 a les Persones de l\u2019Ajuntament de Badalona, Rosa del Amo; del regidor de l\u2019\u00c0rea de Coordinaci\u00f3 Territorial i adjunt d\u2019Esports, Juan Jos\u00e9 Portillo; del director de l\u2019Institut d\u2019Investigaci\u00f3 Germans Trias i Pujol (IGTP), Jordi Barretina; de la investigadora de l\u2019IGTP, Gisela Nogales; de la vicepresidenta de l\u2019Associaci\u00f3 Espanyola de Distr\u00f2fia Muscular Facioescapulohumeral, Eva \u00c1lvarez; del president de la Plataforma Acci\u00f3 Badalona (organitzadora de la cursa), Javier Cabrera; de l\u2019organitzador de la cursa, David Neira, i de la directora del Centre Comercial Montigal\u00e0, Roberta Rebolini<\/p>\n\n\n\n<p>Aquesta cursa t\u00e9 un car\u00e0cter cent per cent solidari, ja que les inscripcions es destinen a col\u2022laborar amb la Fundaci\u00f3 Institut d\u2019Investigaci\u00f3 en Ci\u00e8ncies de la Salut Germans Trias i Pujol, laboratori de recerca en malalties minorit\u00e0ries neuromusculars i neuropedi\u00e0triques.<\/p>\n\n\n\n<p>Les inscripcions per participar en la cursa es podran fer fins dijous 22 de febrer &nbsp;i tindr\u00e0 un cost de 13 \u20ac pels que tenen el xip groc en propietat i de 15 \u20ac per la resta d\u2019inscripcions. La cursa infantil \u00e9s gratu\u00efta. La samarreta valdr\u00e0 8 \u20ac. M\u00e9s informaci\u00f3: <a href=\"https:\/\/www.cursa-benefica-malalties-minoritaries.es\/\">https:\/\/www.cursa-benefica-malalties-minoritaries.es\/<\/a><\/p>\n\n\n\n<p>La recollida de dorsals i de les bosses dels corredors es podr\u00e0 fer dissabte, 24 de febrer, de 10 a 19 hores, al Centre Comercial Montigal\u00e0 de Badalona (passeig d\u2019Olof Palme, 28-36). Tamb\u00e9 es podr\u00e0 recollir el mateix dia de la cursa, una hora abans de comen\u00e7ar les carreres, en el mateix punt de sortida, al passeig Mar\u00edtim.<\/p>\n\n\n\n<p>La quarta tinenta d\u2019alcaldia i regidora de l\u2019\u00c0mbit de Comunicaci\u00f3. Fons Europeus i Protecci\u00f3 a les Persones de l\u2019Ajuntament de Badalona, Rosa del Amo, ha destacat que \u201caquesta cursa dona visibilitat i fa una crida a la conscienciaci\u00f3 sobre les malalties minorit\u00e0ries que sovint es troben oblidades, i d\u2019aquesta manera, com a m\u00ednim un dia a l\u2019any, poden prenen el protagonisme i el focus que mereixen\u201d. \u201dCom a Govern\u201d, ha afegit Rosa del Amo \u201c\u00e9s el nostre deure ajudar a tots aquells que, com els impulsors d\u2019aquesta iniciativa, treballen i dediquen els seus esfor\u00e7os perqu\u00e8 es destinin recursos a la recerca de solucions per aquestes malalties\u201d.<\/p>\n\n\n\n<p>La Cursa per les Malalties Minorit\u00e0ries est\u00e0 organitzada per l&#8217;Associaci\u00f3 de Comerciants Salut Alta Pau Piferrer conjuntament amb l\u2019Associaci\u00f3 de Ve\u00efns Tur\u00f3 d\u2019en Caritg i la Plataforma Acci\u00f3 Badalona, amb la col\u00b7laboraci\u00f3 de l&#8217;Ajuntament de Badalona.<\/p>\n","protected":false},"excerpt":{"rendered":"<p>Avui s\u2019ha presentat al Centre Comercial Montigal\u00e0 la dotzena edici\u00f3 de la Cursa Ben\u00e8fica Malalties Minorit\u00e0ries que es correr\u00e0 a Badalona el pr\u00f2xim diumenge 25 de febrer. Aquesta cursa urbana, amb sortida i arribada al passeig Mar\u00edtim, al costat del Port, comen\u00e7ar\u00e0 a les 8.30 hores, amb una caminada de 5 km. Posteriorment, a les [&hellip;]<\/p>\n","protected":false},"author":2,"featured_media":6470,"comment_status":"open","ping_status":"open","sticky":false,"template":"","format":"standard","meta":{"footnotes":""},"categories":[26],"tags":[],"class_list":{"0":"post-6469","1":"post","2":"type-post","3":"status-publish","4":"format-standard","5":"has-post-thumbnail","7":"category-esports"},"_links":{"self":[{"href":"https:\/\/areabadalona.com\/diario\/wp-json\/wp\/v2\/posts\/6469","targetHints":{"allow":["GET"]}}],"collection":[{"href":"https:\/\/areabadalona.com\/diario\/wp-json\/wp\/v2\/posts"}],"about":[{"href":"https:\/\/areabadalona.com\/diario\/wp-json\/wp\/v2\/types\/post"}],"author":[{"embeddable":true,"href":"https:\/\/areabadalona.com\/diario\/wp-json\/wp\/v2\/users\/2"}],"replies":[{"embeddable":true,"href":"https:\/\/areabadalona.com\/diario\/wp-json\/wp\/v2\/comments?post=6469"}],"version-history":[{"count":1,"href":"https:\/\/areabadalona.com\/diario\/wp-json\/wp\/v2\/posts\/6469\/revisions"}],"predecessor-version":[{"id":6471,"href":"https:\/\/areabadalona.com\/diario\/wp-json\/wp\/v2\/posts\/6469\/revisions\/6471"}],"wp:featuredmedia":[{"embeddable":true,"href":"https:\/\/areabadalona.com\/diario\/wp-json\/wp\/v2\/media\/6470"}],"wp:attachment":[{"href":"https:\/\/areabadalona.com\/diario\/wp-json\/wp\/v2\/media?parent=6469"}],"wp:term":[{"taxonomy":"category","embeddable":true,"href":"https:\/\/areabadalona.com\/diario\/wp-json\/wp\/v2\/categories?post=6469"},{"taxonomy":"post_tag","embeddable":true,"href":"https:\/\/areabadalona.com\/diario\/wp-json\/wp\/v2\/tags?post=6469"}],"curies":[{"name":"wp","href":"https:\/\/api.w.org\/{rel}","templated":true}]}}