{"id":6462,"date":"2024-02-15T10:47:34","date_gmt":"2024-02-15T10:47:34","guid":{"rendered":"https:\/\/areabadalona.com\/diario\/?p=6462"},"modified":"2024-02-15T10:47:34","modified_gmt":"2024-02-15T10:47:34","slug":"paolo-girelli-nos-propone-un-viaje-sincero-hacia-nuestra-humanidad-imperfecta","status":"publish","type":"post","link":"https:\/\/areabadalona.com\/diario\/2024\/02\/15\/paolo-girelli-nos-propone-un-viaje-sincero-hacia-nuestra-humanidad-imperfecta\/","title":{"rendered":"Paolo Girelli nos propone un viaje sincero hacia nuestra humanidad imperfecta"},"content":{"rendered":"\n<p>La vida de Paolo Girelli, 48 a\u00f1os, actor italiano y acompa\u00f1ante tur\u00edstico en Menorca durante el verano, se par\u00f3 como la de todos nosotros durante la pandemia provocada por la Covid19. Su vida laboral se esfum\u00f3, no m\u00e1s obras, no m\u00e1s conferencias, nada de turistas. Cero, se qued\u00f3 sin nada. \u201cEsto me llev\u00f3 a una situaci\u00f3n econ\u00f3mica y psicol\u00f3gica de profunda oscuridad hasta el punto de quedarme sin nada, sin trabajo, sin casa, sin dinero, y en un profundo estado de depresi\u00f3n que no quer\u00eda reconocer ni a m\u00ed mismo ni a los dem\u00e1s\u201d, explica Paolo. En esa oscuridad encontr\u00f3, inesperadamente, una luz, la que le proporcion\u00f3\u00a0 la Fundaci\u00f3n Varrios de Badalona (<a href=\"https:\/\/fundacionvarrios.com\/\">www.fundacionvarrios.com<\/a>). Una organizaci\u00f3n sin \u00e1nimo de lucro que ayuda a personas en vulnerabilidad sociolaboral proporcion\u00e1ndoles vivienda, manutenci\u00f3n, formaci\u00f3n emocional, orientaci\u00f3n laboral, etc. Paolo estuvo con ellos nueve meses en los que recibi\u00f3 apoyo y amor de unas personas que no le pidieron nada a cambio \u201cSolo desean y quieren verme brillar\u201d, comenta.<\/p>\n\n\n\n<p>Este pr\u00f3ximo s\u00e1bado podr\u00e1 devolverles algo del cari\u00f1o que le prestaron, o al menos dar a conocer el maravilloso trabajo que realizan de nuevo sobre el escenario. Antes de la pandemia, el actor italiano hab\u00eda recorrido teatros y lugares especiales con su mon\u00f3logo \u201cSiempre con los pies descalzos sobre la tierra\u201d. Ahora presenta \u201cEl camino del humano imperfecto\u201d, una conferencia teatral que traer\u00e1 al Teatre El C\u00edrcol de Badalona este pr\u00f3ximo s\u00e1bado, 17 de febrero, a partir de las 11 horas (la entrada es libre; taquilla inversa, al salir el espectador decide cu\u00e1nto pagar). Un mon\u00f3logo en el que Paolo expone, pregunta y dialoga de manera po\u00e9tica sobre la fragilidad, singularidad y grandeza del ser humano. La obra es un puente entre el teatro y la vida misma, basada en vivencias en primera persona, un c\u00edrculo socr\u00e1tico inspirado en la filosof\u00eda de Plat\u00f3n, Dante Alighieri, Crist\u00f3bal Col\u00f3n, Federico Garc\u00eda Lorca, Pedro Calder\u00f3n dela Barca, Ignacio de Loyola, William Shakespeare, Gabriele Salvatores y Roberto Benigni. \u201cUn encuentro cultural, social y teatral desde la sinceridad, la autenticidad y sin filtros. Centrado en la importancia de conectarcon la frecuencia de nuestro coraz\u00f3n, de nuestro prop\u00f3sito, denuestro viaje terrenal y de nuestra esencia maravillosamente vulnerable\u201d.<\/p>\n\n\n\n<div><a href=\"https:\/\/areabadalona.com\/diario\/wp-content\/uploads\/2024\/02\/humano_imperfecto-819x1024.jpg\" class=\"td-modal-image\"><figure class=\"wp-block-image size-large\"><img loading=\"lazy\" decoding=\"async\" width=\"819\" height=\"1024\" src=\"https:\/\/areabadalona.com\/diario\/wp-content\/uploads\/2024\/02\/humano_imperfecto-819x1024.jpg\" alt=\"\" class=\"wp-image-6463\" srcset=\"https:\/\/areabadalona.com\/diario\/wp-content\/uploads\/2024\/02\/humano_imperfecto-819x1024.jpg 819w, https:\/\/areabadalona.com\/diario\/wp-content\/uploads\/2024\/02\/humano_imperfecto-240x300.jpg 240w, https:\/\/areabadalona.com\/diario\/wp-content\/uploads\/2024\/02\/humano_imperfecto-768x960.jpg 768w, https:\/\/areabadalona.com\/diario\/wp-content\/uploads\/2024\/02\/humano_imperfecto-150x188.jpg 150w, https:\/\/areabadalona.com\/diario\/wp-content\/uploads\/2024\/02\/humano_imperfecto-300x375.jpg 300w, https:\/\/areabadalona.com\/diario\/wp-content\/uploads\/2024\/02\/humano_imperfecto-696x870.jpg 696w, https:\/\/areabadalona.com\/diario\/wp-content\/uploads\/2024\/02\/humano_imperfecto.jpg 960w\" sizes=\"auto, (max-width: 819px) 100vw, 819px\" \/><\/figure><\/a><\/div>\n","protected":false},"excerpt":{"rendered":"<p>La vida de Paolo Girelli, 48 a\u00f1os, actor italiano y acompa\u00f1ante tur\u00edstico en Menorca durante el verano, se par\u00f3 como la de todos nosotros durante la pandemia provocada por la Covid19. Su vida laboral se esfum\u00f3, no m\u00e1s obras, no m\u00e1s conferencias, nada de turistas. Cero, se qued\u00f3 sin nada. \u201cEsto me llev\u00f3 a una [&hellip;]<\/p>\n","protected":false},"author":1,"featured_media":6464,"comment_status":"open","ping_status":"open","sticky":false,"template":"","format":"standard","meta":{"footnotes":""},"categories":[23,24],"tags":[],"class_list":{"0":"post-6462","1":"post","2":"type-post","3":"status-publish","4":"format-standard","5":"has-post-thumbnail","7":"category-actualitat","8":"category-societat"},"_links":{"self":[{"href":"https:\/\/areabadalona.com\/diario\/wp-json\/wp\/v2\/posts\/6462","targetHints":{"allow":["GET"]}}],"collection":[{"href":"https:\/\/areabadalona.com\/diario\/wp-json\/wp\/v2\/posts"}],"about":[{"href":"https:\/\/areabadalona.com\/diario\/wp-json\/wp\/v2\/types\/post"}],"author":[{"embeddable":true,"href":"https:\/\/areabadalona.com\/diario\/wp-json\/wp\/v2\/users\/1"}],"replies":[{"embeddable":true,"href":"https:\/\/areabadalona.com\/diario\/wp-json\/wp\/v2\/comments?post=6462"}],"version-history":[{"count":1,"href":"https:\/\/areabadalona.com\/diario\/wp-json\/wp\/v2\/posts\/6462\/revisions"}],"predecessor-version":[{"id":6465,"href":"https:\/\/areabadalona.com\/diario\/wp-json\/wp\/v2\/posts\/6462\/revisions\/6465"}],"wp:featuredmedia":[{"embeddable":true,"href":"https:\/\/areabadalona.com\/diario\/wp-json\/wp\/v2\/media\/6464"}],"wp:attachment":[{"href":"https:\/\/areabadalona.com\/diario\/wp-json\/wp\/v2\/media?parent=6462"}],"wp:term":[{"taxonomy":"category","embeddable":true,"href":"https:\/\/areabadalona.com\/diario\/wp-json\/wp\/v2\/categories?post=6462"},{"taxonomy":"post_tag","embeddable":true,"href":"https:\/\/areabadalona.com\/diario\/wp-json\/wp\/v2\/tags?post=6462"}],"curies":[{"name":"wp","href":"https:\/\/api.w.org\/{rel}","templated":true}]}}