{"id":6459,"date":"2024-02-14T14:08:00","date_gmt":"2024-02-14T14:08:00","guid":{"rendered":"https:\/\/areabadalona.com\/diario\/?p=6459"},"modified":"2024-02-15T09:12:20","modified_gmt":"2024-02-15T09:12:20","slug":"desallotjat-limmoble-numero-7-del-carrer-del-canigo-per-precaucio-davant-laparicio-desquerdes","status":"publish","type":"post","link":"https:\/\/areabadalona.com\/diario\/2024\/02\/14\/desallotjat-limmoble-numero-7-del-carrer-del-canigo-per-precaucio-davant-laparicio-desquerdes\/","title":{"rendered":"Desallotjat l\u2019immoble n\u00famero 7 del carrer del Canig\u00f3 per precauci\u00f3 davant l\u2019aparici\u00f3 d\u2019esquerdes"},"content":{"rendered":"\n<p>Els Bombers de la Generalitat han ordenat avui el desallotjament dels ve\u00efns que resideixen al n\u00famero 7 del carrer del Canig\u00f3 del barri del Raval per precauci\u00f3 i per garantir la seva seguretat davant l\u2019aparici\u00f3, aquest mat\u00ed, d\u2019esquerdes a alguns pisos que tenen parets adjacents a l\u2019edifici n\u00famero 9 esfondrat el passat dimarts 6 de febrer.<\/p>\n\n\n\n<p>L\u2019alcalde de Badalona, Xavier Garcia Albiol, ha explicat aquest migdia al mateix carrer del Canig\u00f3 que, davant d\u2019aquesta situaci\u00f3 sobrevinguda, \u201cs\u2019ha decidit l\u2019apuntalament dels pisos com a primera mesura d\u2019emerg\u00e8ncia per garantir, amb la prud\u00e8ncia que mereixen aquests casos, l\u2019estructura del bloc n\u00famero 7\u201d. L\u2019alcalde ha explicat que abans que comencin aquests treballs, nom\u00e9s els ve\u00efns dels pisos m\u00e9s allunyats a la paret que tocava al bloc enfonsat podran entrar a casa seva a retirar les pertinences imprescindibles.<\/p>\n\n\n\n<p>L\u2019alcalde ha avan\u00e7at que aquesta mateixa nit s\u2019informar\u00e0 a tots els ve\u00efns de les darreres novetats i procediments i ha afegit que l\u2019Ajuntament ha activat tots els recursos d\u2019emerg\u00e8ncia per ajudar els ve\u00efns desallotjats i garantir que, aquells que ho necessitin, puguin tenir un allotjament on passar la nit.<\/p>\n\n\n\n<p>Xavier Garcia Albiol ha assenyalat que ahir mateix, i abans que apareguessin les esquerdes, es va sol\u00b7licitar a la Generalitat la creaci\u00f3 d\u2019una mesa conjunta per a dur a terme les accions necess\u00e0ries d\u2019inspecci\u00f3 a tota la promoci\u00f3 d\u2019edificis d\u2019aquest tram del carrer del Canig\u00f3 amb l\u2019objectiu de tenir una radiografia exacta de l\u2019estat de seguretat dels immobles. Aquesta mesa comen\u00e7ar\u00e0 els treballs aquest pr\u00f2xim divendres.<\/p>\n","protected":false},"excerpt":{"rendered":"<p>Els Bombers de la Generalitat han ordenat avui el desallotjament dels ve\u00efns que resideixen al n\u00famero 7 del carrer del Canig\u00f3 del barri del Raval per precauci\u00f3 i per garantir la seva seguretat davant l\u2019aparici\u00f3, aquest mat\u00ed, d\u2019esquerdes a alguns pisos que tenen parets adjacents a l\u2019edifici n\u00famero 9 esfondrat el passat dimarts 6 de [&hellip;]<\/p>\n","protected":false},"author":2,"featured_media":6460,"comment_status":"open","ping_status":"open","sticky":false,"template":"","format":"standard","meta":{"footnotes":""},"categories":[23],"tags":[],"class_list":{"0":"post-6459","1":"post","2":"type-post","3":"status-publish","4":"format-standard","5":"has-post-thumbnail","7":"category-actualitat"},"_links":{"self":[{"href":"https:\/\/areabadalona.com\/diario\/wp-json\/wp\/v2\/posts\/6459","targetHints":{"allow":["GET"]}}],"collection":[{"href":"https:\/\/areabadalona.com\/diario\/wp-json\/wp\/v2\/posts"}],"about":[{"href":"https:\/\/areabadalona.com\/diario\/wp-json\/wp\/v2\/types\/post"}],"author":[{"embeddable":true,"href":"https:\/\/areabadalona.com\/diario\/wp-json\/wp\/v2\/users\/2"}],"replies":[{"embeddable":true,"href":"https:\/\/areabadalona.com\/diario\/wp-json\/wp\/v2\/comments?post=6459"}],"version-history":[{"count":1,"href":"https:\/\/areabadalona.com\/diario\/wp-json\/wp\/v2\/posts\/6459\/revisions"}],"predecessor-version":[{"id":6461,"href":"https:\/\/areabadalona.com\/diario\/wp-json\/wp\/v2\/posts\/6459\/revisions\/6461"}],"wp:featuredmedia":[{"embeddable":true,"href":"https:\/\/areabadalona.com\/diario\/wp-json\/wp\/v2\/media\/6460"}],"wp:attachment":[{"href":"https:\/\/areabadalona.com\/diario\/wp-json\/wp\/v2\/media?parent=6459"}],"wp:term":[{"taxonomy":"category","embeddable":true,"href":"https:\/\/areabadalona.com\/diario\/wp-json\/wp\/v2\/categories?post=6459"},{"taxonomy":"post_tag","embeddable":true,"href":"https:\/\/areabadalona.com\/diario\/wp-json\/wp\/v2\/tags?post=6459"}],"curies":[{"name":"wp","href":"https:\/\/api.w.org\/{rel}","templated":true}]}}