{"id":6456,"date":"2024-02-13T15:51:00","date_gmt":"2024-02-13T15:51:00","guid":{"rendered":"https:\/\/areabadalona.com\/diario\/?p=6456"},"modified":"2024-02-14T09:53:54","modified_gmt":"2024-02-14T09:53:54","slug":"els-municipis-del-barcelones-nord-acorden-impulsar-una-comissio-intermunicipal-de-seguretat-publica","status":"publish","type":"post","link":"https:\/\/areabadalona.com\/diario\/2024\/02\/13\/els-municipis-del-barcelones-nord-acorden-impulsar-una-comissio-intermunicipal-de-seguretat-publica\/","title":{"rendered":"Els municipis del Barcelon\u00e8s Nord acorden impulsar una Comissi\u00f3 Intermunicipal de Seguretat P\u00fablica"},"content":{"rendered":"\n<p>L\u2019alcalde de Badalona, Xavier Garcia Albiol, ha participat avui en una reuni\u00f3 amb els alcaldes dels municipis de Santa Coloma de Gramenet, N\u00faria Parlon; de Sant Adri\u00e0 de Bes\u00f2s, Filo Ca\u00f1ete; de Montcada i Reixach, Bartolom\u00e9 Egea; i anb el Tinent d\u2019alcalde de Seguretat de l\u2019Ajuntament de Barcelona, Albert Batlle. L\u2019objectiu principal de la reuni\u00f3, que s\u2019ha celebrat al Centre d&#8217;Art Contemporani de Can Sister\u00e9 de Santa Coloma de Gramenet, era la millora de la coordinaci\u00f3 policial entre els municipis del Barcelon\u00e8s Nord.<\/p>\n\n\n\n<p>Durant la reuni\u00f3, les alcaldesses i l&#8217;alcalde han acordat establir una coordinaci\u00f3 m\u00e9s efectiva entre les seves administracions des d&#8217;una perspectiva de seguretat integral. En aquest sentit, s&#8217;han comprom\u00e8s a la creaci\u00f3 d&#8217;una Comissi\u00f3 Intermunicipal de Seguretat P\u00fablica del Barcelon\u00e8s Nord, la qual es reunir\u00e0 trimestralment i alternar\u00e0 les seves sessions entre les diferents Juntes Locals de Seguretat de cada municipi. Tamb\u00e9, els municipis han acordat establir un espai de coordinaci\u00f3 operativa entre els regidors i regidores responsables de la seguretat ciutadana. Aquest \u00e0mbit de treball comptar\u00e0 amb la participaci\u00f3 dels comandaments policials de les policies locals, amb l&#8217;objectiu d\u2019abordar de manera conjunta les problem\u00e0tiques comunes relacionades amb la seguretat a Badalona, Santa Coloma de Gramenet, Sant Adri\u00e0 del Bes\u00f2s, Montcada i Reixach i Barcelona i definir\u00e0 les prioritats d\u2019acci\u00f3 policial.<\/p>\n\n\n\n<p>L\u2019alcalde de Badalona, Xavier Garcia Albiol, ha assenyalat que amb aquesta reuni\u00f3 \u201cs\u2019ha fet un pas molt important cap a un projecte ambici\u00f3s, per aprofundir en la l\u00ednia de col\u00b7laboraci\u00f3 entre municipis\u201d. \u201cVolem afrontar problemes comuns amb una visi\u00f3 que va m\u00e9s enll\u00e0 de la redu\u00efda de cadascuna de les ciutats i poder, aix\u00ed, tenir una visi\u00f3 global\u201d, ha explicat. \u201cEn el cas de Badalona durant els darrers mesos hem evolucionat positivament i estem amb \u00edndex de delictes per sota de la mitjana de la comarca i de la prov\u00edncia, per\u00f2 \u00e9s cert que hem de continuar en aquesta l\u00ednia i que hi ha problemes com per exemple els petits furts, les ocupacions, els problemes de la sequera -que pot comportar possibles incendis-, que cal afrontar no des d\u2019una visi\u00f3 de ciutat redu\u00efda sin\u00f3 m\u00e9s global\u201d, ha afegit. Garcia Albiol ha valorat molt positivament el treball conjunt de coordinaci\u00f3 que ja s\u2019est\u00e0 portant a terme a la zona de Badalona Sud amb la col\u00b7laboraci\u00f3 de Sant Adri\u00e0 de Bes\u00f2s i a zones com la Pau, amb Santa Coloma de Gramenet.<\/p>\n\n\n\n<p>A la reuni\u00f3 s\u2019han marcat les seg\u00fcents prioritats:<\/p>\n\n\n\n<p>\u2022 Controls de salut p\u00fablica i armes blanques.<\/p>\n\n\n\n<p>\u2022 Operatius territorials coordinats.<\/p>\n\n\n\n<p>\u2022 Lluita contra les ocupacions amb actuacions integrals.<\/p>\n\n\n\n<p>\u2022 Control i prevenci\u00f3 d\u2019incendis i de les infraccions derivades de l\u2019emerg\u00e8ncia per sequera.<\/p>\n\n\n\n<p>\u2022 Sistema de comunicaci\u00f3 operativa conjunta entre les sales de comandament policial.<\/p>\n\n\n\n<p>En relaci\u00f3 a les possibles accions a realitzar conjuntament per millorar la coordinaci\u00f3 policial cal destacar que es valorar\u00e0 la posada en marxa d\u2019operatius conjunts a les zones lim\u00edtrofs entre les diferents ciutats, dirigides principalment a realitzar controls d\u2019alcohol\u00e8mia i de drogues, controls de tr\u00e0nsit, circulaci\u00f3 i transport de mercaderies, lluita contra la venda il\u00b7legal i el control d\u2019armes blanques.<\/p>\n\n\n\n<p>En una primera fase, la Comissi\u00f3 Intermunicipal de Seguretat P\u00fablica del Barcelon\u00e8s Nord centrar\u00e0 el seu treball en el seguiment de les activitats que es desenvolupen a la Serralada de Marina i en el Riu Bes\u00f2s, treballant principalment en la prevenci\u00f3 d\u2019incendis forestals i les infraccions associades, aix\u00ed com en les actuacions de control i seguiment d\u2019activitats incompatibles amb la protecci\u00f3 del medi ambient i de l\u2019\u00fas c\u00edvic dels espais naturals. D\u2019altra banda, els comandaments operatius establiran, per mandat de la Comissi\u00f3, un sistema de coordinaci\u00f3 i alerta permanent per abordar les accions de suport mutu m\u00e9s enll\u00e0 de la planificaci\u00f3 dels operatius conjunts.<\/p>\n\n\n\n<p>Finalment, i com actuacions d\u2019especial rellev\u00e0ncia, es tindr\u00e0 una observaci\u00f3 permanent sobre els delictes de viol\u00e8ncia de g\u00e8nere, la prostituci\u00f3 o sobre els delictes contra el patrimoni, monitoritzant i dirigint les actuacions cap els grups delictius organitzats. Aix\u00ed mateix s\u2019aprofundir\u00e0 en la coordinaci\u00f3 de les unitats especialitzades, com la USIR o el GEIP, per lluitar contra els delictes d\u2019usurpaci\u00f3 de bens immobles i, en especial, contra les ocupacions de car\u00e0cter delictiu i vinculades a grups organitzats<\/p>\n","protected":false},"excerpt":{"rendered":"<p>L\u2019alcalde de Badalona, Xavier Garcia Albiol, ha participat avui en una reuni\u00f3 amb els alcaldes dels municipis de Santa Coloma de Gramenet, N\u00faria Parlon; de Sant Adri\u00e0 de Bes\u00f2s, Filo Ca\u00f1ete; de Montcada i Reixach, Bartolom\u00e9 Egea; i anb el Tinent d\u2019alcalde de Seguretat de l\u2019Ajuntament de Barcelona, Albert Batlle. L\u2019objectiu principal de la reuni\u00f3, [&hellip;]<\/p>\n","protected":false},"author":2,"featured_media":6457,"comment_status":"open","ping_status":"open","sticky":false,"template":"","format":"standard","meta":{"footnotes":""},"categories":[23],"tags":[],"class_list":{"0":"post-6456","1":"post","2":"type-post","3":"status-publish","4":"format-standard","5":"has-post-thumbnail","7":"category-actualitat"},"_links":{"self":[{"href":"https:\/\/areabadalona.com\/diario\/wp-json\/wp\/v2\/posts\/6456","targetHints":{"allow":["GET"]}}],"collection":[{"href":"https:\/\/areabadalona.com\/diario\/wp-json\/wp\/v2\/posts"}],"about":[{"href":"https:\/\/areabadalona.com\/diario\/wp-json\/wp\/v2\/types\/post"}],"author":[{"embeddable":true,"href":"https:\/\/areabadalona.com\/diario\/wp-json\/wp\/v2\/users\/2"}],"replies":[{"embeddable":true,"href":"https:\/\/areabadalona.com\/diario\/wp-json\/wp\/v2\/comments?post=6456"}],"version-history":[{"count":1,"href":"https:\/\/areabadalona.com\/diario\/wp-json\/wp\/v2\/posts\/6456\/revisions"}],"predecessor-version":[{"id":6458,"href":"https:\/\/areabadalona.com\/diario\/wp-json\/wp\/v2\/posts\/6456\/revisions\/6458"}],"wp:featuredmedia":[{"embeddable":true,"href":"https:\/\/areabadalona.com\/diario\/wp-json\/wp\/v2\/media\/6457"}],"wp:attachment":[{"href":"https:\/\/areabadalona.com\/diario\/wp-json\/wp\/v2\/media?parent=6456"}],"wp:term":[{"taxonomy":"category","embeddable":true,"href":"https:\/\/areabadalona.com\/diario\/wp-json\/wp\/v2\/categories?post=6456"},{"taxonomy":"post_tag","embeddable":true,"href":"https:\/\/areabadalona.com\/diario\/wp-json\/wp\/v2\/tags?post=6456"}],"curies":[{"name":"wp","href":"https:\/\/api.w.org\/{rel}","templated":true}]}}