{"id":6454,"date":"2024-02-12T12:31:33","date_gmt":"2024-02-12T12:31:33","guid":{"rendered":"https:\/\/areabadalona.com\/diario\/?p=6454"},"modified":"2024-02-13T12:33:15","modified_gmt":"2024-02-13T12:33:15","slug":"carrera-denuncia-que-el-govern-del-pp-no-treu-cap-licitacio-durant-tot-el-que-portem-dany-2024","status":"publish","type":"post","link":"https:\/\/areabadalona.com\/diario\/2024\/02\/12\/carrera-denuncia-que-el-govern-del-pp-no-treu-cap-licitacio-durant-tot-el-que-portem-dany-2024\/","title":{"rendered":"Carrera denuncia que el govern del PP no treu cap licitaci\u00f3 durant tot el que portem d&#8217;any 2024"},"content":{"rendered":"\n<p>El president del grup municipal del PSC, Fernando Carrera, ha denunciat, aquest dilluns, la par\u00e0lisi del govern municipal. Una prova d&#8217;aix\u00f2, \u00e9s la manca de licitacions des de fa un mes i mig. \u00abAra mateix el despatx de l&#8217;alcalde s&#8217;ha despla\u00e7at a l&#8217;empresa municipal Badalona Cultura, l&#8217;empresa encarregada de licitar les Festes de Maig o Nadal. Aquesta \u00e9s l&#8217;\u00fanica preocupaci\u00f3 del govern\u00bb, ha assegurat Carrera. A m\u00e9s, des del PSC han denunciat que l&#8217;any de la transformaci\u00f3 que tant ha pregonat Albiol no s&#8217;est\u00e0 notant als carrers de Badalona. \u00abFins i tot, en\u00a09\u00a0mesos no han estat capa\u00e7os de treure a licitaci\u00f3 el servei d&#8217;agents escolars dels centres educatius de la ciutat\u00bb. Carrera considera que el govern est\u00e0 en una par\u00e0lisi absoluta, sense cap mena de rumb, i amb poques ganes de desencallar temes urgents de ciutat\u00bb. Tothom pot consultar al portal de contractaci\u00f3 p\u00fablica de la Generalitat la par\u00e0lisi de l&#8217;Ajuntament de Badalona, on l&#8217;\u00fanica contractaci\u00f3 en licitaci\u00f3 de tot l&#8217;any 2024 no \u00e9s de cap servei gestor, sin\u00f3 que \u00e9s de la Intervenci\u00f3 General.<\/p>\n","protected":false},"excerpt":{"rendered":"<p>El president del grup municipal del PSC, Fernando Carrera, ha denunciat, aquest dilluns, la par\u00e0lisi del govern municipal. Una prova d&#8217;aix\u00f2, \u00e9s la manca de licitacions des de fa un mes i mig. \u00abAra mateix el despatx de l&#8217;alcalde s&#8217;ha despla\u00e7at a l&#8217;empresa municipal Badalona Cultura, l&#8217;empresa encarregada de licitar les Festes de Maig o [&hellip;]<\/p>\n","protected":false},"author":2,"featured_media":6437,"comment_status":"open","ping_status":"open","sticky":false,"template":"","format":"standard","meta":{"footnotes":""},"categories":[23],"tags":[],"class_list":{"0":"post-6454","1":"post","2":"type-post","3":"status-publish","4":"format-standard","5":"has-post-thumbnail","7":"category-actualitat"},"_links":{"self":[{"href":"https:\/\/areabadalona.com\/diario\/wp-json\/wp\/v2\/posts\/6454","targetHints":{"allow":["GET"]}}],"collection":[{"href":"https:\/\/areabadalona.com\/diario\/wp-json\/wp\/v2\/posts"}],"about":[{"href":"https:\/\/areabadalona.com\/diario\/wp-json\/wp\/v2\/types\/post"}],"author":[{"embeddable":true,"href":"https:\/\/areabadalona.com\/diario\/wp-json\/wp\/v2\/users\/2"}],"replies":[{"embeddable":true,"href":"https:\/\/areabadalona.com\/diario\/wp-json\/wp\/v2\/comments?post=6454"}],"version-history":[{"count":1,"href":"https:\/\/areabadalona.com\/diario\/wp-json\/wp\/v2\/posts\/6454\/revisions"}],"predecessor-version":[{"id":6455,"href":"https:\/\/areabadalona.com\/diario\/wp-json\/wp\/v2\/posts\/6454\/revisions\/6455"}],"wp:featuredmedia":[{"embeddable":true,"href":"https:\/\/areabadalona.com\/diario\/wp-json\/wp\/v2\/media\/6437"}],"wp:attachment":[{"href":"https:\/\/areabadalona.com\/diario\/wp-json\/wp\/v2\/media?parent=6454"}],"wp:term":[{"taxonomy":"category","embeddable":true,"href":"https:\/\/areabadalona.com\/diario\/wp-json\/wp\/v2\/categories?post=6454"},{"taxonomy":"post_tag","embeddable":true,"href":"https:\/\/areabadalona.com\/diario\/wp-json\/wp\/v2\/tags?post=6454"}],"curies":[{"name":"wp","href":"https:\/\/api.w.org\/{rel}","templated":true}]}}