{"id":6451,"date":"2024-02-13T12:30:34","date_gmt":"2024-02-13T12:30:34","guid":{"rendered":"https:\/\/areabadalona.com\/diario\/?p=6451"},"modified":"2024-02-13T12:30:35","modified_gmt":"2024-02-13T12:30:35","slug":"diverses-corals-de-gent-gran-de-badalona-celebren-la-gala-sant-valenti","status":"publish","type":"post","link":"https:\/\/areabadalona.com\/diario\/2024\/02\/13\/diverses-corals-de-gent-gran-de-badalona-celebren-la-gala-sant-valenti\/","title":{"rendered":"Diverses corals de gent gran de Badalona celebren la Gala Sant Valent\u00ed"},"content":{"rendered":"\n<p>Les corals de gent gran de Badalona B\u00e9tulo, Pep Ventura, Can Mercader-Morera i Badalonense faran un concert aquest <strong>dijous, 15 de febrer, de 17 a 19 hores, al Teatre Zorrilla<\/strong>&nbsp;(carrer del Canonge Baranera, 17) per commemorar la festivitat de Sant Valent\u00ed. Amb aquesta iniciativa es vol fer tamb\u00e9 un reconeixement a l\u2019experi\u00e8ncia i a la contribuci\u00f3 que les persones grans fan a la societat amb actes de ciutat com aquests.<\/p>\n\n\n\n<p>L\u2019acte est\u00e0 organitzat pel Departament de Gent Gran de l\u2019Ajuntament de Badalona, encap\u00e7alat per la regidora Flor\u00e8ncia Badia, amb col\u00b7laboraci\u00f3 de la Uni\u00f3 de Corals de Badalona i la Societat de Cors de Clav\u00e9 de la ciutat.<\/p>\n\n\n\n<p>Per poder assistir a l\u2019acte cal trucar al tel\u00e8fon 93 483 29 71, i demanar una invitaci\u00f3 que es podr\u00e0 recollir al Departament de Gent Gran i Envelliment Actiu de l\u2019Ajuntament de Badalona ubicat a l\u2019edifici municipal El Viver (pla\u00e7a de l\u2019Assemblea de Catalunya, 9-12). L\u2019alcalde de Badalona, Xavier Garcia Albiol, donar\u00e0 la benvinguda al p\u00fablic assistent.<\/p>\n","protected":false},"excerpt":{"rendered":"<p>Les corals de gent gran de Badalona B\u00e9tulo, Pep Ventura, Can Mercader-Morera i Badalonense faran un concert aquest dijous, 15 de febrer, de 17 a 19 hores, al Teatre Zorrilla&nbsp;(carrer del Canonge Baranera, 17) per commemorar la festivitat de Sant Valent\u00ed. Amb aquesta iniciativa es vol fer tamb\u00e9 un reconeixement a l\u2019experi\u00e8ncia i a la [&hellip;]<\/p>\n","protected":false},"author":2,"featured_media":6452,"comment_status":"open","ping_status":"open","sticky":false,"template":"","format":"standard","meta":{"footnotes":""},"categories":[25],"tags":[],"class_list":{"0":"post-6451","1":"post","2":"type-post","3":"status-publish","4":"format-standard","5":"has-post-thumbnail","7":"category-cultura"},"_links":{"self":[{"href":"https:\/\/areabadalona.com\/diario\/wp-json\/wp\/v2\/posts\/6451","targetHints":{"allow":["GET"]}}],"collection":[{"href":"https:\/\/areabadalona.com\/diario\/wp-json\/wp\/v2\/posts"}],"about":[{"href":"https:\/\/areabadalona.com\/diario\/wp-json\/wp\/v2\/types\/post"}],"author":[{"embeddable":true,"href":"https:\/\/areabadalona.com\/diario\/wp-json\/wp\/v2\/users\/2"}],"replies":[{"embeddable":true,"href":"https:\/\/areabadalona.com\/diario\/wp-json\/wp\/v2\/comments?post=6451"}],"version-history":[{"count":1,"href":"https:\/\/areabadalona.com\/diario\/wp-json\/wp\/v2\/posts\/6451\/revisions"}],"predecessor-version":[{"id":6453,"href":"https:\/\/areabadalona.com\/diario\/wp-json\/wp\/v2\/posts\/6451\/revisions\/6453"}],"wp:featuredmedia":[{"embeddable":true,"href":"https:\/\/areabadalona.com\/diario\/wp-json\/wp\/v2\/media\/6452"}],"wp:attachment":[{"href":"https:\/\/areabadalona.com\/diario\/wp-json\/wp\/v2\/media?parent=6451"}],"wp:term":[{"taxonomy":"category","embeddable":true,"href":"https:\/\/areabadalona.com\/diario\/wp-json\/wp\/v2\/categories?post=6451"},{"taxonomy":"post_tag","embeddable":true,"href":"https:\/\/areabadalona.com\/diario\/wp-json\/wp\/v2\/tags?post=6451"}],"curies":[{"name":"wp","href":"https:\/\/api.w.org\/{rel}","templated":true}]}}