{"id":6448,"date":"2024-02-13T12:27:30","date_gmt":"2024-02-13T12:27:30","guid":{"rendered":"https:\/\/areabadalona.com\/diario\/?p=6448"},"modified":"2024-02-13T12:27:30","modified_gmt":"2024-02-13T12:27:30","slug":"lajuntament-de-badalona-repara-dues-de-les-columnes-dil%c2%b7luminacio-de-les-pistes-datletisme-paco-aguila-malmeses-en-un-robatori","status":"publish","type":"post","link":"https:\/\/areabadalona.com\/diario\/2024\/02\/13\/lajuntament-de-badalona-repara-dues-de-les-columnes-dil%c2%b7luminacio-de-les-pistes-datletisme-paco-aguila-malmeses-en-un-robatori\/","title":{"rendered":"L\u2019Ajuntament de Badalona repara dues de les columnes d\u2019il\u00b7luminaci\u00f3 de les pistes d\u2019atletisme Paco \u00c1guila, malmeses en un robatori"},"content":{"rendered":"\n<p>L\u2019Ajuntament de Badalona ha comen\u00e7at aquest mat\u00ed les obres de substituci\u00f3 de la il\u00b7luminaci\u00f3 de dues de les quatre columnes de les pistes d\u2019atletisme Paco \u00c1guila de Badalona, en concret les que es troben al costat dels vestidors. Les tasques es porten a terme durant aquesta setmana amb l\u2019ajut d\u2019una grua articulada per poder accedir a la part superior de les torres. L\u2019objectiu d\u2019aquesta actuaci\u00f3 \u00e9s garantir la il\u00b7luminaci\u00f3 de les pistes mentre l\u2019Ajuntament licita el projecte de reforma integral d\u2019aquesta instal\u00b7laci\u00f3 esportiva.<\/p>\n\n\n\n<p>Les columnes d\u2019il\u00b7luminaci\u00f3 de les pistes van quedar malmeses el passat octubre en el transcurs d\u2019un robatori de material. A m\u00e9s d\u2019endur-se material, els lladres van provocar talls de diversos cables, aix\u00ed com destrosses a arquetes i registres. De les quatre columnes d\u2019il\u00b7luminaci\u00f3 de les pistes, dues quedaran encara sense intervenci\u00f3, perqu\u00e8 els lladres es van endur cablejat que estava soterrat.<\/p>\n\n\n\n<p>El primer tinent d\u2019alcaldia de Badalona, Juan Fern\u00e1ndez, ha assenyalat que \u201camb l\u2019actuaci\u00f3 que ara s\u2019ha iniciat l\u2019Ajuntament assegura la il\u00b7luminaci\u00f3 perqu\u00e8 aix\u00ed els atletes puguin desenvolupar les seves activitats i entrenaments\u201d. \u201cSom conscients\u201d, ha afegit, \u201cque no \u00e9s la soluci\u00f3 definitiva, que \u00e9s una actuaci\u00f3 d\u2019urg\u00e8ncia a l\u2019espera que puguem tenir unes instal\u00b7lacions i unes pistes d\u2019atletisme a l\u2019al\u00e7ada dels esportistes i d\u2019una ciutat amb la traject\u00f2ria esportiva de Badalona\u201d.<\/p>\n","protected":false},"excerpt":{"rendered":"<p>L\u2019Ajuntament de Badalona ha comen\u00e7at aquest mat\u00ed les obres de substituci\u00f3 de la il\u00b7luminaci\u00f3 de dues de les quatre columnes de les pistes d\u2019atletisme Paco \u00c1guila de Badalona, en concret les que es troben al costat dels vestidors. Les tasques es porten a terme durant aquesta setmana amb l\u2019ajut d\u2019una grua articulada per poder accedir [&hellip;]<\/p>\n","protected":false},"author":2,"featured_media":6449,"comment_status":"open","ping_status":"open","sticky":false,"template":"","format":"standard","meta":{"footnotes":""},"categories":[23],"tags":[],"class_list":{"0":"post-6448","1":"post","2":"type-post","3":"status-publish","4":"format-standard","5":"has-post-thumbnail","7":"category-actualitat"},"_links":{"self":[{"href":"https:\/\/areabadalona.com\/diario\/wp-json\/wp\/v2\/posts\/6448","targetHints":{"allow":["GET"]}}],"collection":[{"href":"https:\/\/areabadalona.com\/diario\/wp-json\/wp\/v2\/posts"}],"about":[{"href":"https:\/\/areabadalona.com\/diario\/wp-json\/wp\/v2\/types\/post"}],"author":[{"embeddable":true,"href":"https:\/\/areabadalona.com\/diario\/wp-json\/wp\/v2\/users\/2"}],"replies":[{"embeddable":true,"href":"https:\/\/areabadalona.com\/diario\/wp-json\/wp\/v2\/comments?post=6448"}],"version-history":[{"count":1,"href":"https:\/\/areabadalona.com\/diario\/wp-json\/wp\/v2\/posts\/6448\/revisions"}],"predecessor-version":[{"id":6450,"href":"https:\/\/areabadalona.com\/diario\/wp-json\/wp\/v2\/posts\/6448\/revisions\/6450"}],"wp:featuredmedia":[{"embeddable":true,"href":"https:\/\/areabadalona.com\/diario\/wp-json\/wp\/v2\/media\/6449"}],"wp:attachment":[{"href":"https:\/\/areabadalona.com\/diario\/wp-json\/wp\/v2\/media?parent=6448"}],"wp:term":[{"taxonomy":"category","embeddable":true,"href":"https:\/\/areabadalona.com\/diario\/wp-json\/wp\/v2\/categories?post=6448"},{"taxonomy":"post_tag","embeddable":true,"href":"https:\/\/areabadalona.com\/diario\/wp-json\/wp\/v2\/tags?post=6448"}],"curies":[{"name":"wp","href":"https:\/\/api.w.org\/{rel}","templated":true}]}}