{"id":6445,"date":"2024-02-12T12:17:39","date_gmt":"2024-02-12T12:17:39","guid":{"rendered":"https:\/\/areabadalona.com\/diario\/?p=6445"},"modified":"2024-02-12T12:17:40","modified_gmt":"2024-02-12T12:17:40","slug":"lajuntament-de-badalona-organitza-classes-magistrals-de-pintura-adrecades-a-la-gent-gran-de-la-ciutat","status":"publish","type":"post","link":"https:\/\/areabadalona.com\/diario\/2024\/02\/12\/lajuntament-de-badalona-organitza-classes-magistrals-de-pintura-adrecades-a-la-gent-gran-de-la-ciutat\/","title":{"rendered":"L\u2019Ajuntament de Badalona organitza classes magistrals de pintura adre\u00e7ades a la gent gran de la ciutat"},"content":{"rendered":"\n<p>L\u2019Ajuntament de Badalona organitza a partir del pr\u00f2xim dimarts 13 de febrer classes magistrals de pintura adre\u00e7ades a la gent gran de la ciutat. De la m\u00e0 de l\u2019artista pl\u00e0stic Pedro Baos, un cop al mes les persones grans de la ciutat&nbsp;&nbsp; podran apropar-se al m\u00f3n de la pintura des d\u2019un punt de vista l\u00fadic amb l\u2019objectiu de deixar brollar les seves idees i plasmar-les amb l\u2019ajuda d\u2019un professional de llarga traject\u00f2ria en el m\u00f3n art\u00edstic.<\/p>\n\n\n\n<p>Aquesta iniciativa arriba despr\u00e9s d\u2019una primera classe que es va fer el passat mes de desembre i que va tenir un gran \u00e8xit d\u2019acollida. Davant aquesta situaci\u00f3, des del Departament de Gent Gran de l\u2019Ajuntament de Badalona que encap\u00e7ala la regidora Flor\u00e8ncia Badia, s\u2019ha decidit programar cinc sessions m\u00e9s per donar cabuda a m\u00e9s persones.&nbsp;<\/p>\n\n\n\n<p>Les sessions tindran lloc a la Sala del Celler de la Masia de Can Canyad\u00f3 &nbsp;des d\u2019aquest mes de febrer fins al juny. El calendari i l\u2019horari de les classes \u00e9s el seg\u00fcent:<\/p>\n\n\n\n<p>&#8211; 13 de febrer, de 10 a 13 hores<\/p>\n\n\n\n<p>&#8211; 12 de mar\u00e7, de 10 a 13 hores<\/p>\n\n\n\n<p>&#8211; 16 d\u2019abril, de 10 a 13 hores<\/p>\n\n\n\n<p>&#8211; 14 de maig, de 10 a 13 hores<\/p>\n\n\n\n<p>&#8211; 18 de juny, de 10 a 13 hores<\/p>\n\n\n\n<p>Les persones interessades en participar en l\u2019activitat han de trucar per inscriure\u2019s al tel\u00e8fon 934832971 del Departament de Gent Gran de l\u2019Ajuntament de Badalona.<\/p>\n","protected":false},"excerpt":{"rendered":"<p>L\u2019Ajuntament de Badalona organitza a partir del pr\u00f2xim dimarts 13 de febrer classes magistrals de pintura adre\u00e7ades a la gent gran de la ciutat. De la m\u00e0 de l\u2019artista pl\u00e0stic Pedro Baos, un cop al mes les persones grans de la ciutat&nbsp;&nbsp; podran apropar-se al m\u00f3n de la pintura des d\u2019un punt de vista l\u00fadic [&hellip;]<\/p>\n","protected":false},"author":2,"featured_media":6446,"comment_status":"open","ping_status":"open","sticky":false,"template":"","format":"standard","meta":{"footnotes":""},"categories":[23],"tags":[],"class_list":{"0":"post-6445","1":"post","2":"type-post","3":"status-publish","4":"format-standard","5":"has-post-thumbnail","7":"category-actualitat"},"_links":{"self":[{"href":"https:\/\/areabadalona.com\/diario\/wp-json\/wp\/v2\/posts\/6445","targetHints":{"allow":["GET"]}}],"collection":[{"href":"https:\/\/areabadalona.com\/diario\/wp-json\/wp\/v2\/posts"}],"about":[{"href":"https:\/\/areabadalona.com\/diario\/wp-json\/wp\/v2\/types\/post"}],"author":[{"embeddable":true,"href":"https:\/\/areabadalona.com\/diario\/wp-json\/wp\/v2\/users\/2"}],"replies":[{"embeddable":true,"href":"https:\/\/areabadalona.com\/diario\/wp-json\/wp\/v2\/comments?post=6445"}],"version-history":[{"count":1,"href":"https:\/\/areabadalona.com\/diario\/wp-json\/wp\/v2\/posts\/6445\/revisions"}],"predecessor-version":[{"id":6447,"href":"https:\/\/areabadalona.com\/diario\/wp-json\/wp\/v2\/posts\/6445\/revisions\/6447"}],"wp:featuredmedia":[{"embeddable":true,"href":"https:\/\/areabadalona.com\/diario\/wp-json\/wp\/v2\/media\/6446"}],"wp:attachment":[{"href":"https:\/\/areabadalona.com\/diario\/wp-json\/wp\/v2\/media?parent=6445"}],"wp:term":[{"taxonomy":"category","embeddable":true,"href":"https:\/\/areabadalona.com\/diario\/wp-json\/wp\/v2\/categories?post=6445"},{"taxonomy":"post_tag","embeddable":true,"href":"https:\/\/areabadalona.com\/diario\/wp-json\/wp\/v2\/tags?post=6445"}],"curies":[{"name":"wp","href":"https:\/\/api.w.org\/{rel}","templated":true}]}}