{"id":6442,"date":"2024-02-09T12:12:48","date_gmt":"2024-02-09T12:12:48","guid":{"rendered":"https:\/\/areabadalona.com\/diario\/?p=6442"},"modified":"2024-02-09T12:12:48","modified_gmt":"2024-02-09T12:12:48","slug":"realitat-virtual-per-millorar-el-dolor-cronic-i-la-sensibilitzacio-central-objectiu-del-nou-projecte-a-latencio-primaria-de-bsa","status":"publish","type":"post","link":"https:\/\/areabadalona.com\/diario\/2024\/02\/09\/realitat-virtual-per-millorar-el-dolor-cronic-i-la-sensibilitzacio-central-objectiu-del-nou-projecte-a-latencio-primaria-de-bsa\/","title":{"rendered":"Realitat virtual per millorar el dolor cr\u00f2nic i la sensibilitzaci\u00f3 central, objectiu del nou projecte a l\u2019Atenci\u00f3 Prim\u00e0ria de BSA"},"content":{"rendered":"\n<p>BSA ha iniciat aquesta setmana un pilot a l\u2019Atenci\u00f3 Prim\u00e0ria de l\u2019organitzaci\u00f3 per desenvolupar i avaluar una experi\u00e8ncia de realitat virtual que persegueix millorar la qualitat de vida dels pacients i ajudar en la gesti\u00f3 del dolor cr\u00f2nic, una problem\u00e0tica major en salut p\u00fablica a l\u2019Estat espanyol.<\/p>\n\n\n\n<p>La iniciativa comen\u00e7a en un dels ambulatoris de la ciutat, el CAP Apenins Montigal\u00e0 i analitzar\u00e0 l\u2019acollida -acceptabilitat, viabilitat i impacte- de la realitat virtual per part dels participants (persones usu\u00e0ries i professionals) com a eina complement\u00e0ria efica\u00e7 en el tractament del dolor cr\u00f2nic. Tamb\u00e9 servir\u00e0 per estudiar si l\u2019\u00fas d\u2019aquesta tecnologia permet refor\u00e7ar la adher\u00e8ncia als programes terap\u00e8utics i potenciar el benestar emocional dels pacients. Per fer-ho, s\u2019ha previst un estudi pilot prospectiu no aleatoritzat, amb una desena de pacients, per analitzar dades que abasten des de demogr\u00e0fiques fins a percepcions del dolor, benestar emocional, i funcionalitat.<\/p>\n\n\n\n<p>Aquest \u00e9s un dels dos projectes de l\u2019organitzaci\u00f3 guanyadors en l&#8217;\u00e0mbit de l&#8217;atenci\u00f3 sanit\u00e0ria i social en el marc del <em>hub<\/em> d&#8217;innovaci\u00f3 del Consorci Social i Sanitari de Catalunya <em>iNexes<\/em>. S\u2019emmarca en el finan\u00e7ament dels fons per a les estrat\u00e8gies 2023 del Ministeri de Sanitat que van ser aprovat en el CSNS amb data 23 de juny de 2023 com a suport a la implementaci\u00f3 del Pla d\u2019Acci\u00f3 Atenci\u00f3 Prim\u00e0ria i Comunit\u00e0ria.<\/p>\n\n\n\n<p><strong>Consolidaci\u00f3 de la realitat virtual<\/strong><\/p>\n\n\n\n<p>Aquest projecte s\u2019hi suma a les diferents l\u00ednies d\u2019\u00fas de la <a href=\"https:\/\/www.bsa.cat\/ca\/qui-som\/noticia\/creix-el-projecte-de-realitat-virtual-immersiva-desenvolupat-per-bsa\" target=\"_blank\" rel=\"noreferrer noopener\">realitat virtual a BSA<\/a> amb finalitats assistencials i docents que BSA duu a terme actualment.<\/p>\n","protected":false},"excerpt":{"rendered":"<p>BSA ha iniciat aquesta setmana un pilot a l\u2019Atenci\u00f3 Prim\u00e0ria de l\u2019organitzaci\u00f3 per desenvolupar i avaluar una experi\u00e8ncia de realitat virtual que persegueix millorar la qualitat de vida dels pacients i ajudar en la gesti\u00f3 del dolor cr\u00f2nic, una problem\u00e0tica major en salut p\u00fablica a l\u2019Estat espanyol. La iniciativa comen\u00e7a en un dels ambulatoris de [&hellip;]<\/p>\n","protected":false},"author":2,"featured_media":6443,"comment_status":"open","ping_status":"open","sticky":false,"template":"","format":"standard","meta":{"footnotes":""},"categories":[23,24],"tags":[],"class_list":{"0":"post-6442","1":"post","2":"type-post","3":"status-publish","4":"format-standard","5":"has-post-thumbnail","7":"category-actualitat","8":"category-societat"},"_links":{"self":[{"href":"https:\/\/areabadalona.com\/diario\/wp-json\/wp\/v2\/posts\/6442","targetHints":{"allow":["GET"]}}],"collection":[{"href":"https:\/\/areabadalona.com\/diario\/wp-json\/wp\/v2\/posts"}],"about":[{"href":"https:\/\/areabadalona.com\/diario\/wp-json\/wp\/v2\/types\/post"}],"author":[{"embeddable":true,"href":"https:\/\/areabadalona.com\/diario\/wp-json\/wp\/v2\/users\/2"}],"replies":[{"embeddable":true,"href":"https:\/\/areabadalona.com\/diario\/wp-json\/wp\/v2\/comments?post=6442"}],"version-history":[{"count":1,"href":"https:\/\/areabadalona.com\/diario\/wp-json\/wp\/v2\/posts\/6442\/revisions"}],"predecessor-version":[{"id":6444,"href":"https:\/\/areabadalona.com\/diario\/wp-json\/wp\/v2\/posts\/6442\/revisions\/6444"}],"wp:featuredmedia":[{"embeddable":true,"href":"https:\/\/areabadalona.com\/diario\/wp-json\/wp\/v2\/media\/6443"}],"wp:attachment":[{"href":"https:\/\/areabadalona.com\/diario\/wp-json\/wp\/v2\/media?parent=6442"}],"wp:term":[{"taxonomy":"category","embeddable":true,"href":"https:\/\/areabadalona.com\/diario\/wp-json\/wp\/v2\/categories?post=6442"},{"taxonomy":"post_tag","embeddable":true,"href":"https:\/\/areabadalona.com\/diario\/wp-json\/wp\/v2\/tags?post=6442"}],"curies":[{"name":"wp","href":"https:\/\/api.w.org\/{rel}","templated":true}]}}