{"id":6439,"date":"2024-02-07T11:40:58","date_gmt":"2024-02-07T11:40:58","guid":{"rendered":"https:\/\/areabadalona.com\/diario\/?p=6439"},"modified":"2024-02-08T12:23:28","modified_gmt":"2024-02-08T12:23:28","slug":"he-viajado-en-avion-y-con-botas-nuevas","status":"publish","type":"post","link":"https:\/\/areabadalona.com\/diario\/2024\/02\/07\/he-viajado-en-avion-y-con-botas-nuevas\/","title":{"rendered":"He viajado en avi\u00f3n y con botas nuevas"},"content":{"rendered":"\n<p>Si, porque en el \u201cAeropuerto Adolfo Su\u00e1rez Madrid Barajas\u00bb me han obligado a quit\u00e1rmelas por si hubiera metido dentro alguna bomba at\u00f3mica. Reci\u00e9n estrenadas, he recorrido en dos d\u00edas m\u00e1s de 40.000 pasos sin salir de la ciudad donde nac\u00ed, pero sus creadores han fallado en lo del dise\u00f1o de quita y pon y he tardado tanto que me han robado la mochila y el m\u00f3vil. Bueno, esto no es verdad, pero me da la gana ponerlo aqu\u00ed un instante porque pod\u00eda haberme ocurrido, tales han sido la concentraci\u00f3n y el tiempo que he necesitado para calzarme de nuevo sin fracasar en el intento ante miles de terceros que tambi\u00e9n quieren ser pasajeros.<\/p>\n\n\n\n<p>Pero soy de los que piensan que hay que aprovechar con la cabeza cualquier momento durante el que tengamos entretenidas las manos y he dejado aterrizar en mi cerebro tres pensamientos de inter\u00e9s general.<\/p>\n\n\n\n<p>El primero es que estoy seguro que las tecnolog\u00edas ya permiten detectar cualquier peligro que alguien pueda llevar puesto sin necesidad de molestar tanto a todas las personas viajeras, que desde aqu\u00ed pido que se publique el n\u00famero total de amenazas reales para la seguridad en el aire que se han detectado en la \u00faltima d\u00e9cada en todo el mundo gracias a estos controles aeroportuarios. Y tambi\u00e9n, el de cientos de millones de personas que los han sufrido. Que lo pida la ONU, pues alguien tiene esos datos.<\/p>\n\n\n\n<p>El segundo pensamiento es que no s\u00e9 a qu\u00e9 viene considerar m\u00e1s peligrosos a pasajeros de un avi\u00f3n que a los de un tren, a los asistentes a una sala de variedades o a personas andando la calle, por citar tres ejemplos \u201cdescontrolados\u201d. \u00bfAcaso no hemos tenido un 11M en Madrid, una Batacl\u00e1n en Par\u00eds y un atropello con cami\u00f3n en Niza?<\/p>\n\n\n\n<p>A ver, que yo no quiero que se produzcan atentados volando, pero tampoco paseando.<\/p>\n\n\n\n<p>Y lo tercero en que tambi\u00e9n he pensado, esta vez mientras me ataba el cord\u00f3n de la bota del derecho al ritmo del altavoz del aeropuerto recitando por en\u00e9sima vez su nombre y primer&nbsp;apellido durante mi muy entretenida espera, es que si yo fuera la Isabel D\u00edaz Ayuso que tanto entretiene a sus votantes con chistes malos sobre toros no pero sequ\u00eda s\u00ed para re\u00edrse de los catalanes y as\u00ed ocultar lo mucho que le impide a la Justicia lo de investigar la conversi\u00f3n en tanatorios sin amigos ni familiares acompa\u00f1antes en el \u00faltimo viaje de los miles que dej\u00f3 morir sin atenci\u00f3n sanitaria durante la pandemia, que lo que estaba diciendo es que si yo fuera esta presidenta auton\u00f3mica proclamar\u00eda que el culpable de todo lo que nos pasa, incluido el dise\u00f1o dif\u00edcil de calzar de mis botas nuevas, fue el mismo Adolfo Su\u00e1rez que 19 a\u00f1os despu\u00e9s de enga\u00f1arnos a todos en 1976 (yo incluido, pues era mayor de edad), le confes\u00f3 a la periodista Victoria Prego que nos hab\u00eda colocado la monarqu\u00eda restaurada por el dictador a sabiendas de que los espa\u00f1oles de entonces quer\u00edamos rep\u00fablica, pues las encuestas que encarg\u00f3 le dijeron que \u201cperd\u00edamos\u201d. \u00c9l y el rey que lo hab\u00eda nombrado, se refer\u00eda.<\/p>\n\n\n\n<p>Insisto: yo solo dir\u00eda esto si fuera ella, la presidenta IDA.<\/p>\n\n\n\n<p>Y hablando de encuestas, hasta tal punto aquella estafa de masas llamada Transici\u00f3n ha sido capaz de estropear decencias, que el CIS de hoy ha decidido regalarnos unos sondeos de entonces que avalaban la prohibici\u00f3n de Superman por ser \u00abpoco humano y mis\u00f3gino\u00bb seg\u00fan leo en \u00abLa Vanguardia\u00bb. Lo hace para invitarnos a su 60 cumplea\u00f1os, pero se sigue negando a publicar los detalles de la que don Adolfo le confes\u00f3 a do\u00f1a Victoria (y que la periodista tard\u00f3 21 a\u00f1os en ense\u00f1arnos la entrevista, dicho sea de paso, pues no lo hizo hasta 2016 en La Sexta TV) y a pesar de que el d\u00eda 5 de abril de 2023 el Gobierno le reconoci\u00f3 por escrito al entonces senador Vidal que la mantiene oculta con la vigente Ley de Secretos Oficiales en ristre, aprobada en 1968 por un gobierno de los muchos que presidi\u00f3 el golpista del 18 de julio.<\/p>\n\n\n\n<p>\u00a1\u00a1Una encuesta oculta desde hace cinco d\u00e9cadas y malditas unas botas que tanto tardo en calzarlas!!<\/p>\n\n\n\n<p>Todo esto lo estoy pensando por culpa, tambi\u00e9n, de un Adolfo Suarez al que no dejan de nombrar entre vuelo y vuelo y que nos coloc\u00f3 la monarqu\u00eda urdiendo una gran mentira cuando, tan equivocado como interesado, pens\u00f3 que Juan Carlos I nunca le montar\u00eda una amenaza de golpe de Estado para obligarle a dimitir porque se sent\u00eda seguro tras ganar dos elecciones consecutivas y aprobar una Constituci\u00f3n que, tantos a\u00f1os despu\u00e9s, ni la Inteligencia Artificial se atreve a mejorar.<\/p>\n\n\n\n<p>Y quien afirme lo contrario, que derogue antes la Ley de Secretos del Estado.<\/p>\n\n\n\n<p><span style=\"background-color:#0b0000\" class=\"td_text_highlight_marker\">Domingo Sanz<\/span><\/p>\n","protected":false},"excerpt":{"rendered":"<p>Si, porque en el \u201cAeropuerto Adolfo Su\u00e1rez Madrid Barajas\u00bb me han obligado a quit\u00e1rmelas por si hubiera metido dentro alguna bomba at\u00f3mica. Reci\u00e9n estrenadas, he recorrido en dos d\u00edas m\u00e1s de 40.000 pasos sin salir de la ciudad donde nac\u00ed, pero sus creadores han fallado en lo del dise\u00f1o de quita y pon y he [&hellip;]<\/p>\n","protected":false},"author":2,"featured_media":6440,"comment_status":"open","ping_status":"open","sticky":false,"template":"","format":"standard","meta":{"footnotes":""},"categories":[28],"tags":[],"class_list":{"0":"post-6439","1":"post","2":"type-post","3":"status-publish","4":"format-standard","5":"has-post-thumbnail","7":"category-opinio"},"_links":{"self":[{"href":"https:\/\/areabadalona.com\/diario\/wp-json\/wp\/v2\/posts\/6439","targetHints":{"allow":["GET"]}}],"collection":[{"href":"https:\/\/areabadalona.com\/diario\/wp-json\/wp\/v2\/posts"}],"about":[{"href":"https:\/\/areabadalona.com\/diario\/wp-json\/wp\/v2\/types\/post"}],"author":[{"embeddable":true,"href":"https:\/\/areabadalona.com\/diario\/wp-json\/wp\/v2\/users\/2"}],"replies":[{"embeddable":true,"href":"https:\/\/areabadalona.com\/diario\/wp-json\/wp\/v2\/comments?post=6439"}],"version-history":[{"count":1,"href":"https:\/\/areabadalona.com\/diario\/wp-json\/wp\/v2\/posts\/6439\/revisions"}],"predecessor-version":[{"id":6441,"href":"https:\/\/areabadalona.com\/diario\/wp-json\/wp\/v2\/posts\/6439\/revisions\/6441"}],"wp:featuredmedia":[{"embeddable":true,"href":"https:\/\/areabadalona.com\/diario\/wp-json\/wp\/v2\/media\/6440"}],"wp:attachment":[{"href":"https:\/\/areabadalona.com\/diario\/wp-json\/wp\/v2\/media?parent=6439"}],"wp:term":[{"taxonomy":"category","embeddable":true,"href":"https:\/\/areabadalona.com\/diario\/wp-json\/wp\/v2\/categories?post=6439"},{"taxonomy":"post_tag","embeddable":true,"href":"https:\/\/areabadalona.com\/diario\/wp-json\/wp\/v2\/tags?post=6439"}],"curies":[{"name":"wp","href":"https:\/\/api.w.org\/{rel}","templated":true}]}}