{"id":6436,"date":"2024-02-07T15:46:00","date_gmt":"2024-02-07T15:46:00","guid":{"rendered":"https:\/\/areabadalona.com\/diario\/?p=6436"},"modified":"2024-02-08T11:05:18","modified_gmt":"2024-02-08T11:05:18","slug":"lalcalde-de-badalona-signara-dema-un-decret-demergencia-que-donara-cobertura-a-les-mesures-que-shagin-dadoptar-per-atendre-les-families-afectades-per-lesfo","status":"publish","type":"post","link":"https:\/\/areabadalona.com\/diario\/2024\/02\/07\/lalcalde-de-badalona-signara-dema-un-decret-demergencia-que-donara-cobertura-a-les-mesures-que-shagin-dadoptar-per-atendre-les-families-afectades-per-lesfo\/","title":{"rendered":"L\u2019alcalde de Badalona signar\u00e0 dem\u00e0 un decret d\u2019emerg\u00e8ncia que donar\u00e0 cobertura a les mesures que s\u2019hagin d\u2019adoptar per atendre les fam\u00edlies afectades per l\u2019esfondrament de l\u2019edifici del carrer del Canig\u00f3"},"content":{"rendered":"\n<p>L\u2019alcalde de Badalona, Xavier Garcia Albiol, ha anunciat en la compareixen\u00e7a feta aquest dimecres al migdia que dem\u00e0 dijous signar\u00e0 un decret d\u2019emerg\u00e8ncia que donar\u00e0 cobertura a les mesures que de forma necess\u00e0ria caldr\u00e0 prendre per atendre les fam\u00edlies afectades per l\u2019esfondrament de l\u2019edifici del carrer del Canig\u00f3 n\u00famero 9 del barri del Raval. El decret d\u2019emerg\u00e8ncia facilitar\u00e0 que l\u2019Ajuntament pugui tramitar a nivell administratiu de forma \u00e0gil i eficient totes les mesures que siguin necess\u00e0ries.<\/p>\n\n\n\n<p>A m\u00e9s d\u2019atendre i acompanyar des d\u2019un punt de vista social els familiars de les v\u00edctimes i els ve\u00efns en aquests durs moments, l\u2019alcalde ha explicat que en el marc d\u2019aquest decret d\u2019emerg\u00e8ncia l\u2019Ajuntament oferir\u00e0 assessorament jur\u00eddic als afectats.<\/p>\n\n\n\n<p>Un cop els Bombers de la Generalitat ho autoritzin, els t\u00e8cnics municipals podran accedir a l\u2019edifici sinistrat per fer una valoraci\u00f3 estructural.<\/p>\n\n\n\n<p>L\u2019alcalde ha tornat a destacar i agrair la coordinaci\u00f3 entre els diferents cossos que treballen en el dispositiu i tamb\u00e9 entre els diferents serveis de l\u2019Ajuntament de Badalona i de la Generalitat que estan prestant atenci\u00f3 a les v\u00edctimes del succ\u00e9s.<\/p>\n\n\n\n<p>Garcia Albiol ha fet una crida a la ciutadania perqu\u00e8 aquesta tarda participi en la concentraci\u00f3 de cinc minuts de silenci convocada, a les 17.30 hores, a la pla\u00e7a de la Vila per mostrar el condol i suport a les v\u00edctimes de l\u2019esfondrament de l\u2019edifici. Tamb\u00e9 ha recordat que s\u2019han decretat tres dies de dol. Per aquest motiu, des d\u2019avui les banderes onegen a mig pal a l\u2019edifici de la Casa de la Vila.<\/p>\n","protected":false},"excerpt":{"rendered":"<p>L\u2019alcalde de Badalona, Xavier Garcia Albiol, ha anunciat en la compareixen\u00e7a feta aquest dimecres al migdia que dem\u00e0 dijous signar\u00e0 un decret d\u2019emerg\u00e8ncia que donar\u00e0 cobertura a les mesures que de forma necess\u00e0ria caldr\u00e0 prendre per atendre les fam\u00edlies afectades per l\u2019esfondrament de l\u2019edifici del carrer del Canig\u00f3 n\u00famero 9 del barri del Raval. El [&hellip;]<\/p>\n","protected":false},"author":2,"featured_media":6437,"comment_status":"open","ping_status":"open","sticky":false,"template":"","format":"standard","meta":{"footnotes":""},"categories":[23],"tags":[],"class_list":{"0":"post-6436","1":"post","2":"type-post","3":"status-publish","4":"format-standard","5":"has-post-thumbnail","7":"category-actualitat"},"_links":{"self":[{"href":"https:\/\/areabadalona.com\/diario\/wp-json\/wp\/v2\/posts\/6436","targetHints":{"allow":["GET"]}}],"collection":[{"href":"https:\/\/areabadalona.com\/diario\/wp-json\/wp\/v2\/posts"}],"about":[{"href":"https:\/\/areabadalona.com\/diario\/wp-json\/wp\/v2\/types\/post"}],"author":[{"embeddable":true,"href":"https:\/\/areabadalona.com\/diario\/wp-json\/wp\/v2\/users\/2"}],"replies":[{"embeddable":true,"href":"https:\/\/areabadalona.com\/diario\/wp-json\/wp\/v2\/comments?post=6436"}],"version-history":[{"count":1,"href":"https:\/\/areabadalona.com\/diario\/wp-json\/wp\/v2\/posts\/6436\/revisions"}],"predecessor-version":[{"id":6438,"href":"https:\/\/areabadalona.com\/diario\/wp-json\/wp\/v2\/posts\/6436\/revisions\/6438"}],"wp:featuredmedia":[{"embeddable":true,"href":"https:\/\/areabadalona.com\/diario\/wp-json\/wp\/v2\/media\/6437"}],"wp:attachment":[{"href":"https:\/\/areabadalona.com\/diario\/wp-json\/wp\/v2\/media?parent=6436"}],"wp:term":[{"taxonomy":"category","embeddable":true,"href":"https:\/\/areabadalona.com\/diario\/wp-json\/wp\/v2\/categories?post=6436"},{"taxonomy":"post_tag","embeddable":true,"href":"https:\/\/areabadalona.com\/diario\/wp-json\/wp\/v2\/tags?post=6436"}],"curies":[{"name":"wp","href":"https:\/\/api.w.org\/{rel}","templated":true}]}}