{"id":6433,"date":"2024-02-07T09:09:06","date_gmt":"2024-02-07T09:09:06","guid":{"rendered":"https:\/\/areabadalona.com\/diario\/?p=6433"},"modified":"2024-02-07T09:09:07","modified_gmt":"2024-02-07T09:09:07","slug":"els-bombers-han-trobat-tres-cossos-sense-vida-a-ledifici-del-carrer-del-canigo-que-ahir-es-va-esfondrar-a-badalona-i-que-estan-pendents-didentificar","status":"publish","type":"post","link":"https:\/\/areabadalona.com\/diario\/2024\/02\/07\/els-bombers-han-trobat-tres-cossos-sense-vida-a-ledifici-del-carrer-del-canigo-que-ahir-es-va-esfondrar-a-badalona-i-que-estan-pendents-didentificar\/","title":{"rendered":"Els Bombers han trobat tres cossos sense vida a l\u2019edifici del carrer del Canig\u00f3 que ahir es va esfondrar a Badalona i que estan pendents d\u2019identificar"},"content":{"rendered":"\n<p>Els Bombers de la Generalitat han trobat entre la runa de l\u2019edifici del n\u00famero 9 del carrer del Canig\u00f3 que ahir dimarts 6 de febrer es va esfondrar els cossos sense vida de tres persones, els quals estan pendents d\u2019identificar. La informaci\u00f3 ha estat confirmada per l\u2019alcalde de Badalona, Xavier Garcia Albiol, i pels Bombers de la Generalitat en una compareixen\u00e7a conjunta davant dels mitjans de comunicaci\u00f3 realitzada aquest dimecres a primera hora.<\/p>\n\n\n\n<p>L\u2019alcalde de Badalona ha anunciat que l\u2019Ajuntament decretar\u00e0 tres dies de dol per manifestar el condol de la ciutat per la mort d\u2019aquestes tres persones. Amb el decret de dol quedaran suspesos tots els actes programats per l\u2019Ajuntament de Badalona durant aquests tres dies. Aix\u00ed mateix, les banderes de la Casa de la Vila onejaran a mig pal. Xavier Garcia Albiol tamb\u00e9 ha explicat que es fa una convocat\u00f2ria de cinc minuts de silenci avui dimecres a les 17.30 hores a la pla\u00e7a de la Vila.<\/p>\n\n\n\n<p>\u201cAra toca estar al costat dels familiars de les v\u00edctimes i dels ve\u00efns que s\u2019han quedat sense habitatges. Des de l\u2019Ajuntament els donarem tot el suport i l\u2019assessorament que necessitin per poder recuperar la normalitat al m\u00e9s aviat possible\u201d, ha assegurat l\u2019alcalde de Badalona.<\/p>\n\n\n\n<p>Xavier Garcia Albiol, que s\u2019ha mostrat colpit per la trag\u00e8dia viscuda ahir a Badalona, ha agra\u00eft molt especialment la feina feta pels Bombers i per la resta de cossos que estan treballant en el lloc del sinistre. Tamb\u00e9 ha posat de relleu la coordinaci\u00f3 que s\u2019est\u00e0 donant en tot moment entre els diferents serveis de l\u2019Ajuntament de Badalona i de la Generalitat per prestar atenci\u00f3 a totes les v\u00edctimes d\u2019aquest tr\u00e0gic succ\u00e9s.<\/p>\n\n\n\n<p>Els Bombers continuen amb els treballs de desenrunament de l\u2019edifici que es preveu que duraran fins a la tarda d\u2019avui.<\/p>\n","protected":false},"excerpt":{"rendered":"<p>Els Bombers de la Generalitat han trobat entre la runa de l\u2019edifici del n\u00famero 9 del carrer del Canig\u00f3 que ahir dimarts 6 de febrer es va esfondrar els cossos sense vida de tres persones, els quals estan pendents d\u2019identificar. La informaci\u00f3 ha estat confirmada per l\u2019alcalde de Badalona, Xavier Garcia Albiol, i pels Bombers [&hellip;]<\/p>\n","protected":false},"author":2,"featured_media":6434,"comment_status":"open","ping_status":"open","sticky":false,"template":"","format":"standard","meta":{"footnotes":""},"categories":[23],"tags":[],"class_list":{"0":"post-6433","1":"post","2":"type-post","3":"status-publish","4":"format-standard","5":"has-post-thumbnail","7":"category-actualitat"},"_links":{"self":[{"href":"https:\/\/areabadalona.com\/diario\/wp-json\/wp\/v2\/posts\/6433","targetHints":{"allow":["GET"]}}],"collection":[{"href":"https:\/\/areabadalona.com\/diario\/wp-json\/wp\/v2\/posts"}],"about":[{"href":"https:\/\/areabadalona.com\/diario\/wp-json\/wp\/v2\/types\/post"}],"author":[{"embeddable":true,"href":"https:\/\/areabadalona.com\/diario\/wp-json\/wp\/v2\/users\/2"}],"replies":[{"embeddable":true,"href":"https:\/\/areabadalona.com\/diario\/wp-json\/wp\/v2\/comments?post=6433"}],"version-history":[{"count":1,"href":"https:\/\/areabadalona.com\/diario\/wp-json\/wp\/v2\/posts\/6433\/revisions"}],"predecessor-version":[{"id":6435,"href":"https:\/\/areabadalona.com\/diario\/wp-json\/wp\/v2\/posts\/6433\/revisions\/6435"}],"wp:featuredmedia":[{"embeddable":true,"href":"https:\/\/areabadalona.com\/diario\/wp-json\/wp\/v2\/media\/6434"}],"wp:attachment":[{"href":"https:\/\/areabadalona.com\/diario\/wp-json\/wp\/v2\/media?parent=6433"}],"wp:term":[{"taxonomy":"category","embeddable":true,"href":"https:\/\/areabadalona.com\/diario\/wp-json\/wp\/v2\/categories?post=6433"},{"taxonomy":"post_tag","embeddable":true,"href":"https:\/\/areabadalona.com\/diario\/wp-json\/wp\/v2\/tags?post=6433"}],"curies":[{"name":"wp","href":"https:\/\/api.w.org\/{rel}","templated":true}]}}