{"id":6430,"date":"2024-02-06T20:06:00","date_gmt":"2024-02-06T20:06:00","guid":{"rendered":"https:\/\/areabadalona.com\/diario\/?p=6430"},"modified":"2024-02-07T09:07:59","modified_gmt":"2024-02-07T09:07:59","slug":"lajuntament-de-badalona-ha-activat-un-dispositiu-de-suport-a-les-families-afectades-per-lesfondrament-dun-edifici-al-carrer-de-canigo-i-els-garanteix-un-acompanyament-per-fe","status":"publish","type":"post","link":"https:\/\/areabadalona.com\/diario\/2024\/02\/06\/lajuntament-de-badalona-ha-activat-un-dispositiu-de-suport-a-les-families-afectades-per-lesfondrament-dun-edifici-al-carrer-de-canigo-i-els-garanteix-un-acompanyament-per-fe\/","title":{"rendered":"L\u2019Ajuntament de Badalona ha activat un dispositiu de suport a les fam\u00edlies afectades per l\u2019esfondrament d\u2019un edifici al carrer de Canig\u00f3 i els garanteix un acompanyament per fer front a la situaci\u00f3"},"content":{"rendered":"\n<p>L\u2019Ajuntament de Badalona ha activat un dispositiu de suport a totes les fam\u00edlies afectades per l\u2019esfondrament d\u2019un edifici al carrer de Canig\u00f3, 9 succe\u00eft aquest dimarts al mat\u00ed. L\u2019alcalde de Badalona, Xavier Garcia Albiol, ha visitat als ve\u00efns de l\u2019edifici en l\u2019espai que l\u2019Ajuntament ha habilitat en el Casal de Gent Gran del Raval, on professional els han at\u00e8s i els han ofert atenci\u00f3 psicol\u00f2gica. All\u00e0, els ha garantit que l\u2019Ajuntament estar\u00e0 al seu costat i far\u00e0 \u201ctotes les tasques d\u2019acompanyament necess\u00e0ries per donar una resposta a la situaci\u00f3 sobrevinguda que han patit\u201d. En aquest sentit, l\u2019Ajuntament ha activat recursos habitacionals d\u2019emerg\u00e8ncia per avui mateix i treballa per reallotjar de manera estable a les persones afectades.<\/p>\n\n\n\n<p>L\u2019edifici esfondrat al carrer de Canig\u00f3 de Badalona t\u00e9 una estructura de planta baixa m\u00e9s cinc pisos. Un cop rebut l\u2019av\u00eds de l\u2019ensorrament del forjat del bloc al voltant de les 10.30 del mat\u00ed, els Bombers traslladats al lloc dels fets han localitzat als inquilins, que s\u2019han autoevacuat, fora del bloc afectat. Despr\u00e9s, juntament amb la Gu\u00e0rdia Urbana de Badalona i els Mossos d\u2019Esquadra s\u2019ha revisat i s\u2019ha evacuat de manera preventiva els ve\u00efns trobats a dins dels vint habitatges de l\u2019edifici n\u00famero 7 i dels vint habitatges del n\u00famero 11. En principi aquests ve\u00efns podran tornar aquesta mateixa nit als seus pisos, per\u00f2 si no \u00e9s aix\u00ed l\u2019Ajuntament tamb\u00e9 ha previst recursos per poder allotjar-los.<\/p>\n\n\n\n<p>Per accedir a l\u2019edifici col\u00b7lapsat, els Bombers de la Generalitat han desplegat una autoescala i, juntament amb personal del Grup d\u2019Estructures Col\u00b7lapsades (GREC), han localitzat un espai per accedir amb seguretat a l\u2019immoble. Un cop assegurat l\u2019acc\u00e9s, han fet revisi\u00f3 dels pisos de les diverses plantes, han sanejat tota la part que ha col\u00b7lapsat i han comen\u00e7at a extreure manualment totes les runes de l\u2019edifici. En aquesta tasca estan treballant amb la m\u00e0xima celeritat possible 45 efectius dels bombers, ja que, a hores d\u2019ara, encara hi ha tres persones empadronades a l\u2019edifici que no estan localitzades.<\/p>\n\n\n\n<p>L\u2019actualitzaci\u00f3 de les dades de la situaci\u00f3 de l\u2019edifici l\u2019han fet en una compareixen\u00e7a conjunta en qu\u00e8 han participat el cap de gu\u00e0rdia de la regi\u00f3 metropolitana Nord dels Bombers de la Generalitat; l\u2019alcalde de Badalona, Xavier Garcia Albiol, i el delegat del Govern a Barcelona, Joan Borr\u00e0s. Durant la seva intervenci\u00f3, l\u2019alcalde s\u2019ha mostrat colpit per la trag\u00e8dia viscuda avui a Badalona i ha remarcat que \u201cdes del primer moment totes les institucions i cossos de seguretat hem treballat de manera molt coordinada per fer front a una situaci\u00f3 que exigeix tota la nostra implicaci\u00f3\u201d. \u201cVull traslladar a tots els ve\u00efns afectats i a les seves fam\u00edlies que l\u2019Ajuntament de Badalona estar\u00e0 al seu costat, no nom\u00e9s avui, sin\u00f3 durant tot el proc\u00e9s que haurem de dur a terme per solucionar la situaci\u00f3\u201d ha assegurat Garcia Albiol.<\/p>\n","protected":false},"excerpt":{"rendered":"<p>L\u2019Ajuntament de Badalona ha activat un dispositiu de suport a totes les fam\u00edlies afectades per l\u2019esfondrament d\u2019un edifici al carrer de Canig\u00f3, 9 succe\u00eft aquest dimarts al mat\u00ed. L\u2019alcalde de Badalona, Xavier Garcia Albiol, ha visitat als ve\u00efns de l\u2019edifici en l\u2019espai que l\u2019Ajuntament ha habilitat en el Casal de Gent Gran del Raval, on [&hellip;]<\/p>\n","protected":false},"author":2,"featured_media":6431,"comment_status":"open","ping_status":"open","sticky":false,"template":"","format":"standard","meta":{"footnotes":""},"categories":[23],"tags":[],"class_list":{"0":"post-6430","1":"post","2":"type-post","3":"status-publish","4":"format-standard","5":"has-post-thumbnail","7":"category-actualitat"},"_links":{"self":[{"href":"https:\/\/areabadalona.com\/diario\/wp-json\/wp\/v2\/posts\/6430","targetHints":{"allow":["GET"]}}],"collection":[{"href":"https:\/\/areabadalona.com\/diario\/wp-json\/wp\/v2\/posts"}],"about":[{"href":"https:\/\/areabadalona.com\/diario\/wp-json\/wp\/v2\/types\/post"}],"author":[{"embeddable":true,"href":"https:\/\/areabadalona.com\/diario\/wp-json\/wp\/v2\/users\/2"}],"replies":[{"embeddable":true,"href":"https:\/\/areabadalona.com\/diario\/wp-json\/wp\/v2\/comments?post=6430"}],"version-history":[{"count":1,"href":"https:\/\/areabadalona.com\/diario\/wp-json\/wp\/v2\/posts\/6430\/revisions"}],"predecessor-version":[{"id":6432,"href":"https:\/\/areabadalona.com\/diario\/wp-json\/wp\/v2\/posts\/6430\/revisions\/6432"}],"wp:featuredmedia":[{"embeddable":true,"href":"https:\/\/areabadalona.com\/diario\/wp-json\/wp\/v2\/media\/6431"}],"wp:attachment":[{"href":"https:\/\/areabadalona.com\/diario\/wp-json\/wp\/v2\/media?parent=6430"}],"wp:term":[{"taxonomy":"category","embeddable":true,"href":"https:\/\/areabadalona.com\/diario\/wp-json\/wp\/v2\/categories?post=6430"},{"taxonomy":"post_tag","embeddable":true,"href":"https:\/\/areabadalona.com\/diario\/wp-json\/wp\/v2\/tags?post=6430"}],"curies":[{"name":"wp","href":"https:\/\/api.w.org\/{rel}","templated":true}]}}