{"id":6427,"date":"2024-02-04T12:45:15","date_gmt":"2024-02-04T12:45:15","guid":{"rendered":"https:\/\/areabadalona.com\/diario\/?p=6427"},"modified":"2024-02-06T12:45:55","modified_gmt":"2024-02-06T12:45:55","slug":"tres-centes-persones-van-assistir-ahir-a-un-acte-de-lajuntament-de-badalona-per-homenatjar-els-voluntaris-i-treballadors-que-van-participar-en-la-cavalcada-de-reis","status":"publish","type":"post","link":"https:\/\/areabadalona.com\/diario\/2024\/02\/04\/tres-centes-persones-van-assistir-ahir-a-un-acte-de-lajuntament-de-badalona-per-homenatjar-els-voluntaris-i-treballadors-que-van-participar-en-la-cavalcada-de-reis\/","title":{"rendered":"Tres-centes persones van assistir ahir a un acte de l\u2019Ajuntament de Badalona per homenatjar els voluntaris i treballadors que van participar en la Cavalcada de Reis"},"content":{"rendered":"\n<p>L\u2019Ajuntament de Badalona va oferir ahir al vespre a l\u2019Hotel Badalona Tower un acte de reconeixement a tots els voluntaris i treballadors que van participar en la Cavalcada de Reis d\u2019enguany i que va comptar amb l\u2019assist\u00e8ncia d\u2019unes tres-centes persones. Amb aquest homenatge l\u2019Ajuntament ha agra\u00eft el comprom\u00eds i esfor\u00e7 de totes les persones que formaven part de la comitiva o que estaven treballant i que, malgrat la pluja i les condicions meteorol\u00f2giques adverses que hi va haver durant la tarda del 5 de gener, van voler acabar el recorregut previst per assegurar que tots els infants de la ciutat podien veure Ses Majestats els Reis d\u2019Orient.<\/p>\n\n\n\n<p>Durant l\u2019acte, l\u2019alcalde de Badalona, Xavier Garcia Albiol, va agrair a tots els assistents l\u2019esfor\u00e7 que van fer la vig\u00edlia de Reis per continuar la Cavalcada sota la pluja i els va felicitar per la seva \u00abil\u00b7lusi\u00f3, estima i professionalitat\u00bb. \u00abNo pod\u00edem anar un per un a donar-vos les gr\u00e0cies, i d\u2019aqu\u00ed aquest acte de reconeixement que fem avui\u00bb, va assenyalar l\u2019alcalde.<\/p>\n\n\n\n<p>D\u2019altra banda, Xavier Garcia Albiol tamb\u00e9 va anunciar que els nens que havien accedit a la participaci\u00f3 en la Cavalcada mitjan\u00e7ant el tradicional sorteig hi podran tornar a participar l\u2019any vinent, per poder viure aquest esdeveniment en condicions de normalitat. \u00abEs van estar mullant i no van poder acabar la Cavalcada i \u00e9s de just\u00edcia que tinguin el dret de repetir l\u2019any vinent i que ho puguin gaudir, perqu\u00e8 al final \u00e9s del que es tracta: que ells tinguin molta il\u00b7lusi\u00f3 per poder-la transmetre als m\u00e9s petits\u00bb, ha dit l\u2019alcalde. Aquesta mesura excepcional afectar\u00e0 els dotze nens que van en les carrosses dels Reis i tamb\u00e9 a una trentena m\u00e9s que s\u00f3n els que van a les carrosses dolces, que reparteixen els caramels.<\/p>\n","protected":false},"excerpt":{"rendered":"<p>L\u2019Ajuntament de Badalona va oferir ahir al vespre a l\u2019Hotel Badalona Tower un acte de reconeixement a tots els voluntaris i treballadors que van participar en la Cavalcada de Reis d\u2019enguany i que va comptar amb l\u2019assist\u00e8ncia d\u2019unes tres-centes persones. Amb aquest homenatge l\u2019Ajuntament ha agra\u00eft el comprom\u00eds i esfor\u00e7 de totes les persones que [&hellip;]<\/p>\n","protected":false},"author":2,"featured_media":6428,"comment_status":"open","ping_status":"open","sticky":false,"template":"","format":"standard","meta":{"footnotes":""},"categories":[23],"tags":[],"class_list":{"0":"post-6427","1":"post","2":"type-post","3":"status-publish","4":"format-standard","5":"has-post-thumbnail","7":"category-actualitat"},"_links":{"self":[{"href":"https:\/\/areabadalona.com\/diario\/wp-json\/wp\/v2\/posts\/6427","targetHints":{"allow":["GET"]}}],"collection":[{"href":"https:\/\/areabadalona.com\/diario\/wp-json\/wp\/v2\/posts"}],"about":[{"href":"https:\/\/areabadalona.com\/diario\/wp-json\/wp\/v2\/types\/post"}],"author":[{"embeddable":true,"href":"https:\/\/areabadalona.com\/diario\/wp-json\/wp\/v2\/users\/2"}],"replies":[{"embeddable":true,"href":"https:\/\/areabadalona.com\/diario\/wp-json\/wp\/v2\/comments?post=6427"}],"version-history":[{"count":1,"href":"https:\/\/areabadalona.com\/diario\/wp-json\/wp\/v2\/posts\/6427\/revisions"}],"predecessor-version":[{"id":6429,"href":"https:\/\/areabadalona.com\/diario\/wp-json\/wp\/v2\/posts\/6427\/revisions\/6429"}],"wp:featuredmedia":[{"embeddable":true,"href":"https:\/\/areabadalona.com\/diario\/wp-json\/wp\/v2\/media\/6428"}],"wp:attachment":[{"href":"https:\/\/areabadalona.com\/diario\/wp-json\/wp\/v2\/media?parent=6427"}],"wp:term":[{"taxonomy":"category","embeddable":true,"href":"https:\/\/areabadalona.com\/diario\/wp-json\/wp\/v2\/categories?post=6427"},{"taxonomy":"post_tag","embeddable":true,"href":"https:\/\/areabadalona.com\/diario\/wp-json\/wp\/v2\/tags?post=6427"}],"curies":[{"name":"wp","href":"https:\/\/api.w.org\/{rel}","templated":true}]}}