{"id":6424,"date":"2024-02-02T12:27:22","date_gmt":"2024-02-02T12:27:22","guid":{"rendered":"https:\/\/areabadalona.com\/diario\/?p=6424"},"modified":"2024-02-06T12:29:22","modified_gmt":"2024-02-06T12:29:22","slug":"lantiga-fabrica-caci-es-convertira-en-la-ciutat-de-la-musica-de-badalona-lany-2026","status":"publish","type":"post","link":"https:\/\/areabadalona.com\/diario\/2024\/02\/02\/lantiga-fabrica-caci-es-convertira-en-la-ciutat-de-la-musica-de-badalona-lany-2026\/","title":{"rendered":"L\u2019antiga f\u00e0brica CACI es convertir\u00e0 en la Ciutat de la M\u00fasica de Badalona l\u2019any 2026"},"content":{"rendered":"\n<p>Despr\u00e9s de 17 anys de cerca d\u2019un projecte definitiu per instal\u00b7lar-lo a l\u2019edifici de la CACI, el Govern municipal de Badalona ha donat a con\u00e8ixer aquest divendres quin ser\u00e0 el futur de l\u2019antiga f\u00e0brica. Finalment, a partir de l\u2019any 2026, l\u2019edifici es convertir\u00e0 en la Ciutat de la M\u00fasica de Badalona \u2013 Edifici CACI, un gran complex cultural de m\u00e9s de 5.000 metres quadrats i cinc plantes que albergar\u00e0 la seu permanent del Conservatori Professional de M\u00fasica de Badalona i de l\u2019Escola de M\u00fasica Moderna de Badalona. Amb aquesta actuaci\u00f3 es podr\u00e0 augmentar considerablement el nombre d\u2019alumnes (actualment al voltant de 800 entre ambdues entitats) i assegurar que poden desenvolupar les seves capacitats en les millors condicions possibles.<\/p>\n\n\n\n<p>Per fer realitat aquest prop\u00f2sit, els serveis t\u00e8cnics de l\u2019Ajuntament han rebut ja l\u2019enc\u00e0rrec de redactar el projecte de reforma, que permetr\u00e0 allotjar dins l\u2019edifici prop de 30 aules totalment equipades, els espais necessaris per a la gesti\u00f3 dels serveis, un auditori professional d\u2019unes 200 places i una sala d\u2019estudi oberta a tota la ciutadania. Aquest projecte servir\u00e0 de base per a la convocat\u00f2ria, abans de finalitzar l\u2019estiu, d\u2019un concurs d\u2019idees per trobar la soluci\u00f3 arquitect\u00f2nica que m\u00e9s s\u2019ajusti a les condicions de l\u2019edifici i les necessitats especificades. Un cop triada la millor proposta, es far\u00e0 el projecte executiu i la licitaci\u00f3 de les obres, que comen\u00e7aran a finals de 2025.<\/p>\n\n\n\n<p>La proposta definitiva per a l\u2019antiga f\u00e0brica CACI l\u2019ha avan\u00e7at avui l\u2019alcalde Xavier Garcia Albiol en una roda de premsa en qu\u00e8 tamb\u00e9 han participat el primer tinent d\u2019alcaldia i regidor de l\u2019\u00c0mbit d\u2019Hisenda i Finances, Recursos Interns, Esports i Seguretat, Juan Fern\u00e1ndez, i la segona tinent d\u2019alcaldia i regidora de l\u2019\u00c0mbit d\u2019Impuls Econ\u00f2mic i de Ciutat, Treball, Cultura, Ciutadania i Govern, Cristina Ag\u00fcera.<\/p>\n\n\n\n<p>L\u2019alcalde ha assenyalat que el projecte per a la CACI suposar\u00e0 dignificar la situaci\u00f3 del Conservatori de Badalona i l\u2019Escola de M\u00fasica Moderna, que actualment ocupen un edifici \u201cque es troba en unes condicions que no s\u00f3n adequades\u201d. De fet, ha explicat que en l\u2019espai actual d\u2019aquests dos centres tamb\u00e9 s\u2019hi hauran de fer obres de millora, entretant no estigui finalitzat el nou projecte a la CACI.<\/p>\n\n\n\n<p>Xavier Garcia Albiol s\u2019ha mostrat molt satisfet de la soluci\u00f3 que finalment s\u2019ha donat a la CACI, perqu\u00e8 desbloqueja un problema enquistat, es dona la categoria que mereix a un edifici singular i s\u2019habilita a la ciutat un punt d\u2019atracci\u00f3 de talent i que tamb\u00e9 vol ser un referent nacional i internacional en l\u2019\u00e0mbit cultural. \u201cDurant 17 anys hem estat buscant talent per tota Catalunya per instal\u00b7lar-lo a la CACI sense adonar-nos que ja el ten\u00edem a casa i l\u2019hav\u00edem estat ignorant\u201d, ha remarcat l\u2019alcalde. \u201cAmb aquesta actuaci\u00f3 ens projectem com una ciutat que aposta per la cultura i consolidem la import\u00e0ncia de Badalona com un referent en l\u2019\u00e0mbit de la formaci\u00f3 musical\u201d, ha destacat.<\/p>\n","protected":false},"excerpt":{"rendered":"<p>Despr\u00e9s de 17 anys de cerca d\u2019un projecte definitiu per instal\u00b7lar-lo a l\u2019edifici de la CACI, el Govern municipal de Badalona ha donat a con\u00e8ixer aquest divendres quin ser\u00e0 el futur de l\u2019antiga f\u00e0brica. Finalment, a partir de l\u2019any 2026, l\u2019edifici es convertir\u00e0 en la Ciutat de la M\u00fasica de Badalona \u2013 Edifici CACI, un [&hellip;]<\/p>\n","protected":false},"author":2,"featured_media":6425,"comment_status":"open","ping_status":"open","sticky":false,"template":"","format":"standard","meta":{"footnotes":""},"categories":[23,25],"tags":[],"class_list":{"0":"post-6424","1":"post","2":"type-post","3":"status-publish","4":"format-standard","5":"has-post-thumbnail","7":"category-actualitat","8":"category-cultura"},"_links":{"self":[{"href":"https:\/\/areabadalona.com\/diario\/wp-json\/wp\/v2\/posts\/6424","targetHints":{"allow":["GET"]}}],"collection":[{"href":"https:\/\/areabadalona.com\/diario\/wp-json\/wp\/v2\/posts"}],"about":[{"href":"https:\/\/areabadalona.com\/diario\/wp-json\/wp\/v2\/types\/post"}],"author":[{"embeddable":true,"href":"https:\/\/areabadalona.com\/diario\/wp-json\/wp\/v2\/users\/2"}],"replies":[{"embeddable":true,"href":"https:\/\/areabadalona.com\/diario\/wp-json\/wp\/v2\/comments?post=6424"}],"version-history":[{"count":1,"href":"https:\/\/areabadalona.com\/diario\/wp-json\/wp\/v2\/posts\/6424\/revisions"}],"predecessor-version":[{"id":6426,"href":"https:\/\/areabadalona.com\/diario\/wp-json\/wp\/v2\/posts\/6424\/revisions\/6426"}],"wp:featuredmedia":[{"embeddable":true,"href":"https:\/\/areabadalona.com\/diario\/wp-json\/wp\/v2\/media\/6425"}],"wp:attachment":[{"href":"https:\/\/areabadalona.com\/diario\/wp-json\/wp\/v2\/media?parent=6424"}],"wp:term":[{"taxonomy":"category","embeddable":true,"href":"https:\/\/areabadalona.com\/diario\/wp-json\/wp\/v2\/categories?post=6424"},{"taxonomy":"post_tag","embeddable":true,"href":"https:\/\/areabadalona.com\/diario\/wp-json\/wp\/v2\/tags?post=6424"}],"curies":[{"name":"wp","href":"https:\/\/api.w.org\/{rel}","templated":true}]}}