{"id":6421,"date":"2024-02-06T12:17:33","date_gmt":"2024-02-06T12:17:33","guid":{"rendered":"https:\/\/areabadalona.com\/diario\/?p=6421"},"modified":"2024-02-06T12:17:34","modified_gmt":"2024-02-06T12:17:34","slug":"la-nostra-mirada-tanca-les-activitats-del-25e-aniversari-del-cap-apenins-montigala","status":"publish","type":"post","link":"https:\/\/areabadalona.com\/diario\/2024\/02\/06\/la-nostra-mirada-tanca-les-activitats-del-25e-aniversari-del-cap-apenins-montigala\/","title":{"rendered":"\u2018La nostra mirada\u2019 tanca les activitats del 25\u00e8 aniversari del CAP Apenins-Montigal\u00e0"},"content":{"rendered":"\n<p>El CAP Apenins-Montigal\u00e0 de Badalona Serveis Assistencials (BSA) ha celebrat recentment 25 anys d\u2019atenci\u00f3 continuada compartint salut amb la ciutadania i els professionals que ho fan possible, i ho ha celebrat amb diferents activitats internes i externes al llarg dels \u00faltims mesos.<\/p>\n\n\n\n<p>L\u2019inici de la ruta, que ha tingut lloc sota el lema \u00ab25 anys al teu costat\u00bb, va n\u00e9ixer el gener del 2023 amb la celebraci\u00f3 d\u2019un acte institucional que va inaugurar una exposici\u00f3 fotogr\u00e0fica -f\u00edsica i digital- fent refer\u00e8ncia al passat i present del centre.<\/p>\n\n\n\n<p>\u2018La nostra mirada\u2019 \u00e9s una exposici\u00f3 que serveix com a cloenda de les activitats i reconeixements que s\u2019han fet als \u00faltims mesos. En ella, es mostren un total de 24 fotografies de professionals del CAP Apenins-Montigal\u00e0 acompanyats d\u2019una frase que els defineix a t\u00edtol personal. L\u2019obra, que busca apropar a la ciutadania la vessant m\u00e9s personal dels diferents professionals sanitaris que han participat a la iniciativa, estar\u00e0 oberta a tothom durant aquest mes.&nbsp;<\/p>\n\n\n\n<p><strong>Exposici\u00f3 digital:<\/strong> <a href=\"https:\/\/bit.ly\/483NbKW\" target=\"_blank\" rel=\"noreferrer noopener\">https:\/\/bit.ly\/483NbKW<\/a><\/p>\n","protected":false},"excerpt":{"rendered":"<p>El CAP Apenins-Montigal\u00e0 de Badalona Serveis Assistencials (BSA) ha celebrat recentment 25 anys d\u2019atenci\u00f3 continuada compartint salut amb la ciutadania i els professionals que ho fan possible, i ho ha celebrat amb diferents activitats internes i externes al llarg dels \u00faltims mesos. L\u2019inici de la ruta, que ha tingut lloc sota el lema \u00ab25 anys [&hellip;]<\/p>\n","protected":false},"author":2,"featured_media":6422,"comment_status":"open","ping_status":"open","sticky":false,"template":"","format":"standard","meta":{"footnotes":""},"categories":[23],"tags":[],"class_list":{"0":"post-6421","1":"post","2":"type-post","3":"status-publish","4":"format-standard","5":"has-post-thumbnail","7":"category-actualitat"},"_links":{"self":[{"href":"https:\/\/areabadalona.com\/diario\/wp-json\/wp\/v2\/posts\/6421","targetHints":{"allow":["GET"]}}],"collection":[{"href":"https:\/\/areabadalona.com\/diario\/wp-json\/wp\/v2\/posts"}],"about":[{"href":"https:\/\/areabadalona.com\/diario\/wp-json\/wp\/v2\/types\/post"}],"author":[{"embeddable":true,"href":"https:\/\/areabadalona.com\/diario\/wp-json\/wp\/v2\/users\/2"}],"replies":[{"embeddable":true,"href":"https:\/\/areabadalona.com\/diario\/wp-json\/wp\/v2\/comments?post=6421"}],"version-history":[{"count":1,"href":"https:\/\/areabadalona.com\/diario\/wp-json\/wp\/v2\/posts\/6421\/revisions"}],"predecessor-version":[{"id":6423,"href":"https:\/\/areabadalona.com\/diario\/wp-json\/wp\/v2\/posts\/6421\/revisions\/6423"}],"wp:featuredmedia":[{"embeddable":true,"href":"https:\/\/areabadalona.com\/diario\/wp-json\/wp\/v2\/media\/6422"}],"wp:attachment":[{"href":"https:\/\/areabadalona.com\/diario\/wp-json\/wp\/v2\/media?parent=6421"}],"wp:term":[{"taxonomy":"category","embeddable":true,"href":"https:\/\/areabadalona.com\/diario\/wp-json\/wp\/v2\/categories?post=6421"},{"taxonomy":"post_tag","embeddable":true,"href":"https:\/\/areabadalona.com\/diario\/wp-json\/wp\/v2\/tags?post=6421"}],"curies":[{"name":"wp","href":"https:\/\/api.w.org\/{rel}","templated":true}]}}