{"id":6418,"date":"2024-02-05T12:24:52","date_gmt":"2024-02-05T12:24:52","guid":{"rendered":"https:\/\/areabadalona.com\/diario\/?p=6418"},"modified":"2024-02-05T12:24:53","modified_gmt":"2024-02-05T12:24:53","slug":"badalona-suspendra-durant-un-any-latorgament-de-llicencies-de-pisos-turistics-despres-de-laprovacio-del-decret-de-la-generalitat-que-estableix-una-nova-regulacio","status":"publish","type":"post","link":"https:\/\/areabadalona.com\/diario\/2024\/02\/05\/badalona-suspendra-durant-un-any-latorgament-de-llicencies-de-pisos-turistics-despres-de-laprovacio-del-decret-de-la-generalitat-que-estableix-una-nova-regulacio\/","title":{"rendered":"Badalona suspendr\u00e0 durant un any l\u2019atorgament de llic\u00e8ncies de pisos tur\u00edstics despr\u00e9s de l\u2019aprovaci\u00f3 del Decret de la Generalitat que estableix una nova regulaci\u00f3"},"content":{"rendered":"\n<p>El Govern municipal porta avui a l\u2019aprovaci\u00f3 del Ple de l\u2019Ajuntament la suspensi\u00f3 durant un any de l\u2019atorgament de llic\u00e8ncies per habitatges tur\u00edstics al terme municipal de Badalona, despr\u00e9s de l\u2019aprovaci\u00f3 del nou Decret Llei 3\/2023 de la Generalitat de Catalunya, que suposa una nova regulaci\u00f3 del r\u00e8gim d\u2019implantaci\u00f3 dels habitatges d\u2019\u00fas tur\u00edstic. Concretament, aquest Decret Llei, 3\/2023 de 7 de novembre, estableix Badalona com un dels municipis on l\u2019habitatge d\u2019\u00fas tur\u00edstic estaria subjecte al r\u00e8gim de llic\u00e8ncia urban\u00edstica pr\u00e8via i, per tant, davant la implantaci\u00f3 d\u2019una nova taxa es considera oport\u00fa fer aquesta suspensi\u00f3 amb la finalitat de procedir a l\u2019estudi i an\u00e0lisi d\u2019una nova normativa local per revisar l\u2019ordenan\u00e7a municipal de l\u2019any 2015.<\/p>\n\n\n\n<p>En aquest sentit, la segona tinenta d\u2019Alcaldia i regidora de l\u2019\u00c0mbit d\u2019Impuls Econ\u00f2mic i de Ciutat, Treball, Cultura, Ciutadania i Govern de l\u2019Ajuntament de Badalona, Cristina Ag\u00fcera, ha assegurat que \u201caquest Govern t\u00e9 el clar objectiu de fer de Badalona una ciutat que sigui atractiva pels turistes perqu\u00e8 tenim molts reclams que ens posicionen tur\u00edsticament, per aix\u00f2, durant aquest temps treballarem amb tots els actors implicats per a trobar el millor escenari per a la nostra ciutat\u201d.<\/p>\n\n\n\n<p>En aquests moments, a Badalona nom\u00e9s hi ha 200 pisos amb llic\u00e8ncia d\u2019habitatge tur\u00edstic perqu\u00e8 la regulaci\u00f3 municipal del 2015 ja \u00e9s for\u00e7a restrictiva. El tercer tinent d\u2019Alcaldia i regidor de l\u2019\u00c0mbit de Territori i Sostenibilitat de l\u2019Ajuntament de Badalona, Daniel Gracia, ha assenyalat que \u201cestem treballant per disposar de les eines que ens permetin combinar l\u2019activitat tur\u00edstica amb evitar que es concentrin o proliferin habitatges d\u2019\u00fas tur\u00edstic en determinades zones de la ciutat per assegurar la bona conviv\u00e8ncia\u201d.<\/p>\n\n\n\n<p>Aquesta suspensi\u00f3 temporal tamb\u00e9 t\u00e9 l\u2019objectiu d\u2019evitar que Badalona rebi una allau de sol\u00b7licituds de pisos tur\u00edstics en un context en qu\u00e8 municipis pr\u00f2xims com Santa Coloma de Gramenet ha acordat ja la suspensi\u00f3 de llic\u00e8ncies, o la ciutat de Barcelona, que ha comen\u00e7at a aplicar una normativa molt m\u00e9s estricta en la regulaci\u00f3 dels habitatges tur\u00edstics.<\/p>\n","protected":false},"excerpt":{"rendered":"<p>El Govern municipal porta avui a l\u2019aprovaci\u00f3 del Ple de l\u2019Ajuntament la suspensi\u00f3 durant un any de l\u2019atorgament de llic\u00e8ncies per habitatges tur\u00edstics al terme municipal de Badalona, despr\u00e9s de l\u2019aprovaci\u00f3 del nou Decret Llei 3\/2023 de la Generalitat de Catalunya, que suposa una nova regulaci\u00f3 del r\u00e8gim d\u2019implantaci\u00f3 dels habitatges d\u2019\u00fas tur\u00edstic. Concretament, aquest [&hellip;]<\/p>\n","protected":false},"author":2,"featured_media":6419,"comment_status":"open","ping_status":"open","sticky":false,"template":"","format":"standard","meta":{"footnotes":""},"categories":[23],"tags":[],"class_list":{"0":"post-6418","1":"post","2":"type-post","3":"status-publish","4":"format-standard","5":"has-post-thumbnail","7":"category-actualitat"},"_links":{"self":[{"href":"https:\/\/areabadalona.com\/diario\/wp-json\/wp\/v2\/posts\/6418","targetHints":{"allow":["GET"]}}],"collection":[{"href":"https:\/\/areabadalona.com\/diario\/wp-json\/wp\/v2\/posts"}],"about":[{"href":"https:\/\/areabadalona.com\/diario\/wp-json\/wp\/v2\/types\/post"}],"author":[{"embeddable":true,"href":"https:\/\/areabadalona.com\/diario\/wp-json\/wp\/v2\/users\/2"}],"replies":[{"embeddable":true,"href":"https:\/\/areabadalona.com\/diario\/wp-json\/wp\/v2\/comments?post=6418"}],"version-history":[{"count":1,"href":"https:\/\/areabadalona.com\/diario\/wp-json\/wp\/v2\/posts\/6418\/revisions"}],"predecessor-version":[{"id":6420,"href":"https:\/\/areabadalona.com\/diario\/wp-json\/wp\/v2\/posts\/6418\/revisions\/6420"}],"wp:featuredmedia":[{"embeddable":true,"href":"https:\/\/areabadalona.com\/diario\/wp-json\/wp\/v2\/media\/6419"}],"wp:attachment":[{"href":"https:\/\/areabadalona.com\/diario\/wp-json\/wp\/v2\/media?parent=6418"}],"wp:term":[{"taxonomy":"category","embeddable":true,"href":"https:\/\/areabadalona.com\/diario\/wp-json\/wp\/v2\/categories?post=6418"},{"taxonomy":"post_tag","embeddable":true,"href":"https:\/\/areabadalona.com\/diario\/wp-json\/wp\/v2\/tags?post=6418"}],"curies":[{"name":"wp","href":"https:\/\/api.w.org\/{rel}","templated":true}]}}