{"id":6406,"date":"2024-02-01T11:26:21","date_gmt":"2024-02-01T11:26:21","guid":{"rendered":"https:\/\/areabadalona.com\/diario\/?p=6406"},"modified":"2024-02-02T11:27:32","modified_gmt":"2024-02-02T11:27:32","slug":"carrera-mante-una-reunio-amb-lalcalde-de-montcada-sobre-el-veinat-del-bosc-den-vilaro","status":"publish","type":"post","link":"https:\/\/areabadalona.com\/diario\/2024\/02\/01\/carrera-mante-una-reunio-amb-lalcalde-de-montcada-sobre-el-veinat-del-bosc-den-vilaro\/","title":{"rendered":"Carrera mant\u00e9 una reuni\u00f3 amb l&#8217;alcalde de Montcada sobre el ve\u00efnat del Bosc d&#8217;en Vilar\u00f3"},"content":{"rendered":"\n<p>El president del grup municipal del PSC, Fernando Carrera, ha mantingut una reuni\u00f3, aquest dijous una trobada amb l&#8217;alcalde de Montcada i Reixac, Bartolom\u00e9 Egea, i una part del seu equip. Durant la reuni\u00f3 s&#8217;ha abordat diversos temes que afecten els dos municipis, com la situaci\u00f3 del ve\u00efnat del Bosc d&#8217;en Vilar\u00f3, a la muntanya de la Vallesana. Durant la trobada s&#8217;ha coincidit, per part de l&#8217;alcalde de Montcada i Reixac i el president del PSC a Badalona, de qu\u00e8 no deixar\u00e0 sols als ve\u00efns, per\u00f2 tampoc no obrir falses expectatives. Recordem que una part d&#8217;aquestes cases, i on Badalona i Montcada comparteixen terme municipal, van ser constru\u00efdes des dels anys 70, i ara estan amena\u00e7ades de demolici\u00f3. D&#8217;altra banda, durant la reuni\u00f3 tamb\u00e9 s&#8217;ha abordat la coordinaci\u00f3 en mat\u00e8ria de seguretat dels dos municipis i l&#8217;actual situaci\u00f3 del barraquisme, a la llera del Riu Bes\u00f2s. Carrera ha destacat que \u00aba partir d&#8217;avui, comencem una s\u00e8rie de reunions amb alcaldes i alcaldesses del PSC d&#8217;arreu de Catalunya per tal de recollir idees i propostes que volem demanar per a Badalona a altres administracions supramunicipals\u00bb.<\/p>\n","protected":false},"excerpt":{"rendered":"<p>El president del grup municipal del PSC, Fernando Carrera, ha mantingut una reuni\u00f3, aquest dijous una trobada amb l&#8217;alcalde de Montcada i Reixac, Bartolom\u00e9 Egea, i una part del seu equip. Durant la reuni\u00f3 s&#8217;ha abordat diversos temes que afecten els dos municipis, com la situaci\u00f3 del ve\u00efnat del Bosc d&#8217;en Vilar\u00f3, a la muntanya [&hellip;]<\/p>\n","protected":false},"author":2,"featured_media":6407,"comment_status":"open","ping_status":"open","sticky":false,"template":"","format":"standard","meta":{"footnotes":""},"categories":[23],"tags":[],"class_list":{"0":"post-6406","1":"post","2":"type-post","3":"status-publish","4":"format-standard","5":"has-post-thumbnail","7":"category-actualitat"},"_links":{"self":[{"href":"https:\/\/areabadalona.com\/diario\/wp-json\/wp\/v2\/posts\/6406","targetHints":{"allow":["GET"]}}],"collection":[{"href":"https:\/\/areabadalona.com\/diario\/wp-json\/wp\/v2\/posts"}],"about":[{"href":"https:\/\/areabadalona.com\/diario\/wp-json\/wp\/v2\/types\/post"}],"author":[{"embeddable":true,"href":"https:\/\/areabadalona.com\/diario\/wp-json\/wp\/v2\/users\/2"}],"replies":[{"embeddable":true,"href":"https:\/\/areabadalona.com\/diario\/wp-json\/wp\/v2\/comments?post=6406"}],"version-history":[{"count":1,"href":"https:\/\/areabadalona.com\/diario\/wp-json\/wp\/v2\/posts\/6406\/revisions"}],"predecessor-version":[{"id":6408,"href":"https:\/\/areabadalona.com\/diario\/wp-json\/wp\/v2\/posts\/6406\/revisions\/6408"}],"wp:featuredmedia":[{"embeddable":true,"href":"https:\/\/areabadalona.com\/diario\/wp-json\/wp\/v2\/media\/6407"}],"wp:attachment":[{"href":"https:\/\/areabadalona.com\/diario\/wp-json\/wp\/v2\/media?parent=6406"}],"wp:term":[{"taxonomy":"category","embeddable":true,"href":"https:\/\/areabadalona.com\/diario\/wp-json\/wp\/v2\/categories?post=6406"},{"taxonomy":"post_tag","embeddable":true,"href":"https:\/\/areabadalona.com\/diario\/wp-json\/wp\/v2\/tags?post=6406"}],"curies":[{"name":"wp","href":"https:\/\/api.w.org\/{rel}","templated":true}]}}