{"id":6403,"date":"2024-02-01T11:23:54","date_gmt":"2024-02-01T11:23:54","guid":{"rendered":"https:\/\/areabadalona.com\/diario\/?p=6403"},"modified":"2024-02-02T11:25:07","modified_gmt":"2024-02-02T11:25:07","slug":"badalona-en-comu-podem-demana-al-govern-la-reactivacio-immediata-del-departament-deficiencia-energetica","status":"publish","type":"post","link":"https:\/\/areabadalona.com\/diario\/2024\/02\/01\/badalona-en-comu-podem-demana-al-govern-la-reactivacio-immediata-del-departament-deficiencia-energetica\/","title":{"rendered":"Badalona En Com\u00fa Podem demana al govern la reactivaci\u00f3 immediata del departament d&#8217;efici\u00e8ncia energ\u00e8tica"},"content":{"rendered":"\n<p>Badalona \u00e9s una de les ciutats amb m\u00e9s desigualtats econ\u00f2miques i socials de Catalunya i aix\u00f2 influeix en molts aspectes de la vida di\u00e0ria dels seus ve\u00efns i ve\u00efnes, entre elles l&#8217;acc\u00e9s als subministraments b\u00e0sics, com l&#8217;electricitat que a m\u00e9s, durant els \u00faltims anys ha incrementat el seu preu a nivells molt elevats, condicionant d&#8217;aquesta manera l&#8217;acc\u00e9s a aquest subministrament a les fam\u00edlies m\u00e9s vulnerables.<\/p>\n\n\n\n<p>Aquest departament d&#8217;efici\u00e8ncia energ\u00e8tica es posa en marxa a l&#8217;Ajuntament de Badalona l&#8217;any 2017, amb la funci\u00f3 d&#8217;assessorar a la ciutadania mitjan\u00e7ant l&#8217;aplicaci\u00f3 de mesures per a reduir el consum i augmentar l&#8217;efici\u00e8ncia energ\u00e8tica, a m\u00e9s de la incorporaci\u00f3 de l&#8217;\u00fas de les energies renovables a totes les fam\u00edlies de Badalona.<\/p>\n\n\n\n<p>Al darrer any, han sigut m\u00e9s de 1000 fam\u00edlies les que han utilitzat aquest servei que ha realitzat funcions com la tramitaci\u00f3 del bo social, l&#8217;acompanyament en la realitzaci\u00f3 dels tr\u00e0mits necessaris amb les companyies, i tamb\u00e9 tasques d&#8217;informaci\u00f3 i assessorament en la instal\u00b7laci\u00f3 de plaques fotovoltaiques, rehabilitaci\u00f3 energ\u00e8tica, bonificacions i ajudes a m\u00e9s de 150 fam\u00edlies per tal d&#8217;afavorir l&#8217;efici\u00e8ncia energ\u00e8tica, l&#8217;economia familiar, i col\u00b7laborar amb la lluita contra l&#8217;emerg\u00e8ncia clim\u00e0tica.<\/p>\n\n\n\n<p>El grup municipal alerta que al mes de novembre es va acabar el contracte de la persona que feia de forma concreta aquestes funcions i el govern municipal no ha renovat aquest programa.<\/p>\n\n\n\n<p>Segons la portaveu Rosa Trenado, \u201c<strong><em>aquesta acci\u00f3 t\u00e9 conseq\u00fc\u00e8ncies molt greus, especialment per les fam\u00edlies m\u00e9s vulnerables que s&#8217;enfronten a pagar unes factures que en moltes ocasions no poden assumir, situaci\u00f3 que s\u2019agreuja, tenint en compte l&#8217;increment del preu de l&#8217;electricitat en els darreres mesos<\/em><\/strong>\u201d.<\/p>\n\n\n\n<p>Trenado tamb\u00e9 destaca que una part molt important d&#8217;aquest departament \u00e9s l&#8217;assessorament de la instal\u00b7laci\u00f3 d&#8217;energies renovables en un moment de greu emerg\u00e8ncia clim\u00e0tica, cosa que demostra la falta de comprom\u00eds del govern del PP amb el foment de la transici\u00f3 energ\u00e8tica.<\/p>\n","protected":false},"excerpt":{"rendered":"<p>Badalona \u00e9s una de les ciutats amb m\u00e9s desigualtats econ\u00f2miques i socials de Catalunya i aix\u00f2 influeix en molts aspectes de la vida di\u00e0ria dels seus ve\u00efns i ve\u00efnes, entre elles l&#8217;acc\u00e9s als subministraments b\u00e0sics, com l&#8217;electricitat que a m\u00e9s, durant els \u00faltims anys ha incrementat el seu preu a nivells molt elevats, condicionant d&#8217;aquesta [&hellip;]<\/p>\n","protected":false},"author":2,"featured_media":6404,"comment_status":"open","ping_status":"open","sticky":false,"template":"","format":"standard","meta":{"footnotes":""},"categories":[23],"tags":[],"class_list":{"0":"post-6403","1":"post","2":"type-post","3":"status-publish","4":"format-standard","5":"has-post-thumbnail","7":"category-actualitat"},"_links":{"self":[{"href":"https:\/\/areabadalona.com\/diario\/wp-json\/wp\/v2\/posts\/6403","targetHints":{"allow":["GET"]}}],"collection":[{"href":"https:\/\/areabadalona.com\/diario\/wp-json\/wp\/v2\/posts"}],"about":[{"href":"https:\/\/areabadalona.com\/diario\/wp-json\/wp\/v2\/types\/post"}],"author":[{"embeddable":true,"href":"https:\/\/areabadalona.com\/diario\/wp-json\/wp\/v2\/users\/2"}],"replies":[{"embeddable":true,"href":"https:\/\/areabadalona.com\/diario\/wp-json\/wp\/v2\/comments?post=6403"}],"version-history":[{"count":1,"href":"https:\/\/areabadalona.com\/diario\/wp-json\/wp\/v2\/posts\/6403\/revisions"}],"predecessor-version":[{"id":6405,"href":"https:\/\/areabadalona.com\/diario\/wp-json\/wp\/v2\/posts\/6403\/revisions\/6405"}],"wp:featuredmedia":[{"embeddable":true,"href":"https:\/\/areabadalona.com\/diario\/wp-json\/wp\/v2\/media\/6404"}],"wp:attachment":[{"href":"https:\/\/areabadalona.com\/diario\/wp-json\/wp\/v2\/media?parent=6403"}],"wp:term":[{"taxonomy":"category","embeddable":true,"href":"https:\/\/areabadalona.com\/diario\/wp-json\/wp\/v2\/categories?post=6403"},{"taxonomy":"post_tag","embeddable":true,"href":"https:\/\/areabadalona.com\/diario\/wp-json\/wp\/v2\/tags?post=6403"}],"curies":[{"name":"wp","href":"https:\/\/api.w.org\/{rel}","templated":true}]}}