{"id":6400,"date":"2024-02-01T11:12:36","date_gmt":"2024-02-01T11:12:36","guid":{"rendered":"https:\/\/areabadalona.com\/diario\/?p=6400"},"modified":"2024-02-02T11:16:14","modified_gmt":"2024-02-02T11:16:14","slug":"operatiu-policial-a-lestacio-de-badalona-pompeu-fabra-de-la-linia-2-del-metro","status":"publish","type":"post","link":"https:\/\/areabadalona.com\/diario\/2024\/02\/01\/operatiu-policial-a-lestacio-de-badalona-pompeu-fabra-de-la-linia-2-del-metro\/","title":{"rendered":"Operatiu policial a l\u2019estaci\u00f3 de Badalona Pompeu Fabra de la l\u00ednia 2 del Metro"},"content":{"rendered":"\n<p>Un operatiu de Gu\u00e0rdia Urbana, Mossos d\u2019Esquadra i Policia Nacional va identificar ahir 43 persones a l\u2019estaci\u00f3 de Badalona Pompeu Fabra de la l\u00ednia 2 del Metro amb el resultat d\u2019una persona detinguda per prohibici\u00f3 judicial de portar armes (era posse\u00efdor d\u2019un ganivet) i tres persones m\u00e9s denunciades per tinen\u00e7a de subst\u00e0ncies prohibides.<\/p>\n\n\n\n<p>L\u2019operatiu s\u2019emmarca en les actuacions de vigil\u00e0ncia que la Gu\u00e0rdia Urbana, -en ocasions com aquesta en cooperaci\u00f3 amb la resta de cossos policials- porta a terme en les estacions de metro i tren de la ciutat. L\u2019objectiu d\u2019aquestes intervencions policials \u00e9s dissuadir i evitar la comissi\u00f3 de delictes i, a la vegada, millorar la sensaci\u00f3 de seguretat de les persones que utilitzen el transport p\u00fablic i la ciutadania en general.<\/p>\n\n\n\n<p>En l\u00ednia amb aquests objectius, recentment s&#8217;han intensificat els operatius preventius en altres estacions de metro, com en la de Pep Ventura, de la L-2 i la de Llefi\u00e0, de la L-9 Nord. A la parada de Pep Ventura es van aixecar cinc actes per possessi\u00f3 de subst\u00e0ncies il\u00b7legals i a Llefi\u00e0 dues, pel mateix motiu. A Llefi\u00e0, l\u2019operatiu de la Gu\u00e0rdia Urbana responia a queixes d&#8217;usuaris sobre situacions d&#8217;inseguretat.<\/p>\n\n\n\n<p>L\u2019alcalde de Badalona, Xavier Garcia Albiol, ha recordat que la millora de la seguretat \u00e9s una prioritat del seu govern i ha manifestat que \u201caquesta iniciativa que s\u2019est\u00e0 portant a terme d\u2019incrementar la vigil\u00e0ncia a les estacions del transport p\u00fablic de la ciutat reflecteix el comprom\u00eds del govern municipal i de la Gu\u00e0rdia Urbana amb la prevenci\u00f3 dels delictes i amb l\u2019increment de la seguretat per als ve\u00efns i ve\u00efnes de Badalona\u201d.<\/p>\n","protected":false},"excerpt":{"rendered":"<p>Un operatiu de Gu\u00e0rdia Urbana, Mossos d\u2019Esquadra i Policia Nacional va identificar ahir 43 persones a l\u2019estaci\u00f3 de Badalona Pompeu Fabra de la l\u00ednia 2 del Metro amb el resultat d\u2019una persona detinguda per prohibici\u00f3 judicial de portar armes (era posse\u00efdor d\u2019un ganivet) i tres persones m\u00e9s denunciades per tinen\u00e7a de subst\u00e0ncies prohibides. L\u2019operatiu s\u2019emmarca [&hellip;]<\/p>\n","protected":false},"author":2,"featured_media":6401,"comment_status":"open","ping_status":"open","sticky":false,"template":"","format":"standard","meta":{"footnotes":""},"categories":[23],"tags":[],"class_list":{"0":"post-6400","1":"post","2":"type-post","3":"status-publish","4":"format-standard","5":"has-post-thumbnail","7":"category-actualitat"},"_links":{"self":[{"href":"https:\/\/areabadalona.com\/diario\/wp-json\/wp\/v2\/posts\/6400","targetHints":{"allow":["GET"]}}],"collection":[{"href":"https:\/\/areabadalona.com\/diario\/wp-json\/wp\/v2\/posts"}],"about":[{"href":"https:\/\/areabadalona.com\/diario\/wp-json\/wp\/v2\/types\/post"}],"author":[{"embeddable":true,"href":"https:\/\/areabadalona.com\/diario\/wp-json\/wp\/v2\/users\/2"}],"replies":[{"embeddable":true,"href":"https:\/\/areabadalona.com\/diario\/wp-json\/wp\/v2\/comments?post=6400"}],"version-history":[{"count":1,"href":"https:\/\/areabadalona.com\/diario\/wp-json\/wp\/v2\/posts\/6400\/revisions"}],"predecessor-version":[{"id":6402,"href":"https:\/\/areabadalona.com\/diario\/wp-json\/wp\/v2\/posts\/6400\/revisions\/6402"}],"wp:featuredmedia":[{"embeddable":true,"href":"https:\/\/areabadalona.com\/diario\/wp-json\/wp\/v2\/media\/6401"}],"wp:attachment":[{"href":"https:\/\/areabadalona.com\/diario\/wp-json\/wp\/v2\/media?parent=6400"}],"wp:term":[{"taxonomy":"category","embeddable":true,"href":"https:\/\/areabadalona.com\/diario\/wp-json\/wp\/v2\/categories?post=6400"},{"taxonomy":"post_tag","embeddable":true,"href":"https:\/\/areabadalona.com\/diario\/wp-json\/wp\/v2\/tags?post=6400"}],"curies":[{"name":"wp","href":"https:\/\/api.w.org\/{rel}","templated":true}]}}