{"id":6397,"date":"2024-02-01T11:07:48","date_gmt":"2024-02-01T11:07:48","guid":{"rendered":"https:\/\/areabadalona.com\/diario\/?p=6397"},"modified":"2024-02-02T11:08:41","modified_gmt":"2024-02-02T11:08:41","slug":"el-documental-en-transit-produit-per-badalona-comunicacio-finalista-dels-premis-zapping-en-lapartat-de-millor-programa-de-televisio-local","status":"publish","type":"post","link":"https:\/\/areabadalona.com\/diario\/2024\/02\/01\/el-documental-en-transit-produit-per-badalona-comunicacio-finalista-dels-premis-zapping-en-lapartat-de-millor-programa-de-televisio-local\/","title":{"rendered":"El documental &#8216;En tr\u00e0nsit&#8217;, produ\u00eft per Badalona Comunicaci\u00f3, finalista dels Premis Zapping en l\u2019apartat de Millor programa de Televisi\u00f3 Local"},"content":{"rendered":"\n<p>El documental &#8216;En tr\u00e0nsit&#8217;, produ\u00eft per Badalona Comunicaci\u00f3, optar\u00e0 al premi a Millor Programa de Televisi\u00f3 Local en els 29ns Premis Zapping, que atorga l\u2019Associaci\u00f3 de Consumidors de Mitjans Audiovisuals de Catalunya. El lliurament del premi al que aspira aquest documental es far\u00e0 el dimecres 6 de mar\u00e7 a Barcelona.<\/p>\n\n\n\n<p>Juntament amb el documental \u2018En tr\u00e0nsit\u2019 de Badalona Comunicaci\u00f3, els altres dos finalistes s\u00f3n els programes \u2018Sobre rodes, de Canal Terrassa TV, i \u2018Terra de pa, de les Televisions Locals de La Xarxa. Ser\u00e0 la Junta Directiva de l\u2019Associaci\u00f3 de Consumidors de Mitjans Audiovisuals de Catalunya qui escollir\u00e0 el programa guanyador del guard\u00f3 a Millor Programa de Televisi\u00f3 Local. Els Premis Zapping s\u00f3n un reconeixement al millor oci audiovisual de qualitat de 2023.<\/p>\n\n\n\n<p><strong>Un documental colpidor que explica la realitat dels assentaments<\/strong><\/p>\n\n\n\n<p>La pel\u00b7l\u00edcula documental \u2018En tr\u00e0nsit\u2019 mostra la duresa de la realitat de les persones que malviuen en naus industrials a la recerca d\u2019un m\u00f3n millor. L\u2019incendi del 9 de desembre de 2020 en una nau de Badalona va evidenciar les condicions de precarietat en qu\u00e8 fan la seva vida quotidiana desenes de persones en grans ciutats del primer m\u00f3n. A conseq\u00fc\u00e8ncia de les flames van perdre la vida 5 persones i m\u00e9s d\u2019una trentena en van resultar ferides. La del barri del Gorg de Badalona no \u00e9s l\u2019\u00fanica nau de Catalunya reconvertida en llar per a persones, majorit\u00e0riament, en situaci\u00f3 irregular. Algunes d\u2019aquestes persones porten al pa\u00eds m\u00e9s de 10 anys.<\/p>\n\n\n\n<p>\u2018En transit\u2019 \u00e9s una pel\u00b7l\u00edcula documental produ\u00efda per Badalona Comunicaci\u00f3 que s\u2019endinsa en la realitat dels assentaments amb la voluntat de con\u00e8ixer les persones que hi viuen, com s\u2019hi estan, qu\u00e8 les ha portat fins a all\u00e0 i quins s\u00f3n els seus anhels.<\/p>\n\n\n\n<p>El documental, dirigit per Ferran Grao i N\u00faria Rodr\u00edguez, amb la producci\u00f3 executiva de Josep Vi\u00f1eta Balsells, mostra com residents de les naus, supervivents de l\u2019incendi, bombers, educadors socials, soci\u00f2legs i juristes parlen de la complexa realitat d\u2019aquests locals i de quin \u00e9s el marc legal que regula la pol\u00edtica migrat\u00f2ria actual.<\/p>\n","protected":false},"excerpt":{"rendered":"<p>El documental &#8216;En tr\u00e0nsit&#8217;, produ\u00eft per Badalona Comunicaci\u00f3, optar\u00e0 al premi a Millor Programa de Televisi\u00f3 Local en els 29ns Premis Zapping, que atorga l\u2019Associaci\u00f3 de Consumidors de Mitjans Audiovisuals de Catalunya. El lliurament del premi al que aspira aquest documental es far\u00e0 el dimecres 6 de mar\u00e7 a Barcelona. Juntament amb el documental \u2018En [&hellip;]<\/p>\n","protected":false},"author":2,"featured_media":6398,"comment_status":"open","ping_status":"open","sticky":false,"template":"","format":"standard","meta":{"footnotes":""},"categories":[23,25],"tags":[],"class_list":{"0":"post-6397","1":"post","2":"type-post","3":"status-publish","4":"format-standard","5":"has-post-thumbnail","7":"category-actualitat","8":"category-cultura"},"_links":{"self":[{"href":"https:\/\/areabadalona.com\/diario\/wp-json\/wp\/v2\/posts\/6397","targetHints":{"allow":["GET"]}}],"collection":[{"href":"https:\/\/areabadalona.com\/diario\/wp-json\/wp\/v2\/posts"}],"about":[{"href":"https:\/\/areabadalona.com\/diario\/wp-json\/wp\/v2\/types\/post"}],"author":[{"embeddable":true,"href":"https:\/\/areabadalona.com\/diario\/wp-json\/wp\/v2\/users\/2"}],"replies":[{"embeddable":true,"href":"https:\/\/areabadalona.com\/diario\/wp-json\/wp\/v2\/comments?post=6397"}],"version-history":[{"count":1,"href":"https:\/\/areabadalona.com\/diario\/wp-json\/wp\/v2\/posts\/6397\/revisions"}],"predecessor-version":[{"id":6399,"href":"https:\/\/areabadalona.com\/diario\/wp-json\/wp\/v2\/posts\/6397\/revisions\/6399"}],"wp:featuredmedia":[{"embeddable":true,"href":"https:\/\/areabadalona.com\/diario\/wp-json\/wp\/v2\/media\/6398"}],"wp:attachment":[{"href":"https:\/\/areabadalona.com\/diario\/wp-json\/wp\/v2\/media?parent=6397"}],"wp:term":[{"taxonomy":"category","embeddable":true,"href":"https:\/\/areabadalona.com\/diario\/wp-json\/wp\/v2\/categories?post=6397"},{"taxonomy":"post_tag","embeddable":true,"href":"https:\/\/areabadalona.com\/diario\/wp-json\/wp\/v2\/tags?post=6397"}],"curies":[{"name":"wp","href":"https:\/\/api.w.org\/{rel}","templated":true}]}}