{"id":6392,"date":"2024-02-02T10:47:33","date_gmt":"2024-02-02T10:47:33","guid":{"rendered":"https:\/\/areabadalona.com\/diario\/?p=6392"},"modified":"2024-02-02T10:47:34","modified_gmt":"2024-02-02T10:47:34","slug":"badalona-celebra-el-carnaval-els-dies-10-i-11-de-febrer-amb-la-42a-rua-de-carnestoltes-a-llefia-i-el-carnaval-infantil","status":"publish","type":"post","link":"https:\/\/areabadalona.com\/diario\/2024\/02\/02\/badalona-celebra-el-carnaval-els-dies-10-i-11-de-febrer-amb-la-42a-rua-de-carnestoltes-a-llefia-i-el-carnaval-infantil\/","title":{"rendered":"Badalona celebra el Carnaval els dies 10 i 11 de febrer amb la 42a Rua de Carnestoltes a Llefi\u00e0 i el Carnaval Infantil"},"content":{"rendered":"\n<p>Badalona celebrar\u00e0 el cap de setmana del 10 i 11 de febrer el Carnaval. La festa comen\u00e7ar\u00e0 dissabte 10 amb la 42a Rua de Carnestoltes a Llefi\u00e0 i continuar\u00e0 a l\u2019endem\u00e0, diumenge dia 11, amb el Carnaval Infantil, que sortir\u00e0 en rua pels carrers de la ciutat des de la pla\u00e7a Bisbe Joan Carrera, la pla\u00e7a de la Plana i l\u2019Escola Lola Anglada i finalitzar\u00e0 al passeig de la Rambla. Les activitats estan organitzades per l\u2019Ajuntament de Badalona, la Comissi\u00f3 de Cultura de Llefi\u00e0, la Comissi\u00f3 de Carnestoltes, la Comissi\u00f3 de Carnestoltes Bufal\u00e0, Bufons del Toc i l\u2019Associaci\u00f3 Ve\u00efnal de Canyad\u00f3<\/p>\n\n\n\n<p>La Reina Carnestoltes, acompanyada de la seva cort, s\u2019encarregar\u00e0 de donar el tret de sortida a la celebraci\u00f3 dissabte 10 a les 17 hores amb la lectura del preg\u00f3 de Carnaval des del balc\u00f3 del Centre C\u00edvic Torre Mena, on proclamar\u00e0 el seu regnat i convidar\u00e0 la ciutadania a la disbauxa i a la festa. Posteriorment, encap\u00e7alar\u00e0 la Rua de comparses que recorrer\u00e0 diferents carrers de Llefi\u00e0 acompanyades de l\u2019espectacle \u2018Mediterraneus\u2019 de la companyia Todozancos, i els m\u00fasics \u2018Always Drinking Marching Band\u2019 i de l\u2019Escola de M\u00fasica Moderna de Badalona (EMMB). Aquest espectacle tamb\u00e9 es podr\u00e0 gaudir durant el Carnaval Infantil de diumenge.<\/p>\n\n\n\n<p>A les 19 hores s\u2019iniciar\u00e0 a la pla\u00e7a de Trafalgar, el ball de disfresses amb el grup de versions Tribut FM per no parar de ballar. Posteriorment, es far\u00e0 el lliurament dels premis a les comparses en les categories d\u2019adults, infantil i per parella o individual.&nbsp; Les inscripcions en l\u00ednia (<a href=\"http:\/\/www.carnestoltes.llefia.org\">www.carnestoltes.llefia.org<\/a>) per participar en la Rua es tancaran el dia 8 de febrer.<\/p>\n\n\n\n<p>Diumenge 11 de febrer la celebraci\u00f3 continuar\u00e0 amb el Carnaval Infantil. Les comparses participants, com a novetat d\u2019aquest any, es concentraran a les 11 hores en tres punts (la pla\u00e7a Bisbe Joan Carrera, la pla\u00e7a La Plana i l\u2019Escola Lola Anglada) i recorreran els carrers de la ciutat fins a reunir-se al passeig de la Rambla, al voltant del migdia. En aquest lloc, a les 12.30 hores, comen\u00e7ar\u00e0 el ball de disfresses amb l\u2019espectacle Funtastik, un xou infantil amb molt de joc, que barreja la m\u00fasica, l\u2019humor i la sorpresa. Un altra novetat \u00e9s que les rues que sortien sempre dissabte des del Centre i Canyad\u00f3 ara sortiran diumenge per unir-se al Carnaval Infantil.<\/p>\n\n\n\n<p><strong>Altres activitats:<\/strong><\/p>\n\n\n\n<p>&#8211; Ball de Carnaval. Dissabte 10 de febrer, a les 22 hores a la pla\u00e7a La Plana.<\/p>\n\n\n\n<p>Hi haur\u00e0 un concurs de punxadiscos. Consulta les <a href=\"https:\/\/docs.google.com\/forms\/d\/e\/1FAIpQLSfCA6SYcnu8U_3JSxdaNFRxWtkWkYWG43i0POBTjrCOQgq9zA\/viewform\">Bases i inscripcions<\/a>.<\/p>\n\n\n\n<p>Organitza la Comissi\u00f3 de Festes de Badalona.<\/p>\n\n\n\n<p>&#8211; Enterrament de la Sardina. Dissabte 17 de febrer al Parc l\u2019Escorxador.<\/p>\n\n\n\n<p>A c\u00e0rrec de B\u00e8sties i Diables de la Salut.<\/p>\n\n\n\n<p><strong>Carnaval inclusiu:<\/strong><\/p>\n\n\n\n<p>Espai reservat per a persones neurodiverses, amb diversitat funcional i\/o intel\u00b7lectual:<\/p>\n\n\n\n<p>&#8211;&nbsp; A la pla\u00e7a Trafalgar, durant el concert de Tribut FM, en el marc de la 42a Rua de Carnestoltes a Llefi\u00e0.<\/p>\n\n\n\n<p>&#8211; Al passeig Rambla, durant el concert de Funtastik, en el marc del Carnaval Infantil.<\/p>\n\n\n\n<p>Espai preferent per a persones neurodiverses, amb diversitat funcional i\/o intel\u00b7lectual durant la 42a Rua de Carnestoltes a Llefi\u00e0, a l\u2019av. Doctor Bassols cantonada amb l\u2019av. Marqu\u00e8s de Sant Mori.<\/p>\n","protected":false},"excerpt":{"rendered":"<p>Badalona celebrar\u00e0 el cap de setmana del 10 i 11 de febrer el Carnaval. La festa comen\u00e7ar\u00e0 dissabte 10 amb la 42a Rua de Carnestoltes a Llefi\u00e0 i continuar\u00e0 a l\u2019endem\u00e0, diumenge dia 11, amb el Carnaval Infantil, que sortir\u00e0 en rua pels carrers de la ciutat des de la pla\u00e7a Bisbe Joan Carrera, la [&hellip;]<\/p>\n","protected":false},"author":2,"featured_media":6353,"comment_status":"open","ping_status":"open","sticky":false,"template":"","format":"standard","meta":{"footnotes":""},"categories":[25],"tags":[],"class_list":{"0":"post-6392","1":"post","2":"type-post","3":"status-publish","4":"format-standard","5":"has-post-thumbnail","7":"category-cultura"},"_links":{"self":[{"href":"https:\/\/areabadalona.com\/diario\/wp-json\/wp\/v2\/posts\/6392","targetHints":{"allow":["GET"]}}],"collection":[{"href":"https:\/\/areabadalona.com\/diario\/wp-json\/wp\/v2\/posts"}],"about":[{"href":"https:\/\/areabadalona.com\/diario\/wp-json\/wp\/v2\/types\/post"}],"author":[{"embeddable":true,"href":"https:\/\/areabadalona.com\/diario\/wp-json\/wp\/v2\/users\/2"}],"replies":[{"embeddable":true,"href":"https:\/\/areabadalona.com\/diario\/wp-json\/wp\/v2\/comments?post=6392"}],"version-history":[{"count":1,"href":"https:\/\/areabadalona.com\/diario\/wp-json\/wp\/v2\/posts\/6392\/revisions"}],"predecessor-version":[{"id":6393,"href":"https:\/\/areabadalona.com\/diario\/wp-json\/wp\/v2\/posts\/6392\/revisions\/6393"}],"wp:featuredmedia":[{"embeddable":true,"href":"https:\/\/areabadalona.com\/diario\/wp-json\/wp\/v2\/media\/6353"}],"wp:attachment":[{"href":"https:\/\/areabadalona.com\/diario\/wp-json\/wp\/v2\/media?parent=6392"}],"wp:term":[{"taxonomy":"category","embeddable":true,"href":"https:\/\/areabadalona.com\/diario\/wp-json\/wp\/v2\/categories?post=6392"},{"taxonomy":"post_tag","embeddable":true,"href":"https:\/\/areabadalona.com\/diario\/wp-json\/wp\/v2\/tags?post=6392"}],"curies":[{"name":"wp","href":"https:\/\/api.w.org\/{rel}","templated":true}]}}