{"id":6322,"date":"2024-01-12T10:43:35","date_gmt":"2024-01-12T10:43:35","guid":{"rendered":"https:\/\/areabadalona.com\/diario\/?p=6322"},"modified":"2024-01-17T10:44:52","modified_gmt":"2024-01-17T10:44:52","slug":"tornen-a-funcionar-les-dutxes-del-pavello-municipal-paisos-catalans-despres-de-quatre-anys-espatllades","status":"publish","type":"post","link":"https:\/\/areabadalona.com\/diario\/2024\/01\/12\/tornen-a-funcionar-les-dutxes-del-pavello-municipal-paisos-catalans-despres-de-quatre-anys-espatllades\/","title":{"rendered":"Tornen a funcionar les dutxes del pavell\u00f3 municipal Pa\u00efsos Catalans despr\u00e9s de quatre anys espatllades\u00a0"},"content":{"rendered":"\n<p>Els usuaris del pavell\u00f3 municipal Pa\u00efsos Catalans, situat al carrer d\u2019Ausi\u00e0s Marc al barri del Raval de Badalona, poden fer des d\u2019ahir \u00fas de les dutxes d\u2019aquesta instal\u00b7laci\u00f3 esportiva, que portaven quatre anys espatllades i fora de funcionament. L\u2019aixecament d\u2019aquesta restricci\u00f3 es produeix despr\u00e9s de la finalitzaci\u00f3 de les obres d\u2019instal\u00b7laci\u00f3 del nou sistema de producci\u00f3 d\u2019ACS (aigua calenta sanit\u00e0ria) i d\u2019AFCH (aigua freda per al consum hum\u00e0).&nbsp;<\/p>\n\n\n\n<p>Les obres, que han tingut una durada de tres mesos, han suposat una inversi\u00f3 de m\u00e9s de 113.000 euros i han perm\u00e8s restablir el normal funcionament del servei, tant d&#8217;aigua calenta sanit\u00e0ria com d&#8217;aigua freda de consum, per als usuaris de la instal\u00b7laci\u00f3 esportiva. &nbsp;<\/p>\n\n\n\n<p>L\u2019alcalde de Badalona, Xavier Garcia Albiol, ha mostrat la seva satisfacci\u00f3 per aquesta millora. \u201cPer primera vegada en quatre anys els esportistes que utilitzin el pavell\u00f3 d\u2019Ausi\u00e0s Marc es podran dutxar, perqu\u00e8 una de les primereses mesures que vam adoptar des del nou govern municipal va ser&nbsp; condicionar instalacions esportives, i entre elles les dutxes d\u2019aquest pavell\u00f3\u201d, ha explicat l\u2019Alcalde. Garcia Albiol ha afegit que&nbsp; aquesta \u00e9s una mesura m\u00e9s per avan\u00e7ar en el cam\u00ed de la transformaci\u00f3 de Badalona&nbsp; \u201cEm vaig comprometre a que l\u2019any 2024 seria l\u2019any en qu\u00e8 s\u2019iniciaria la transformaci\u00f3 de la ciutat, que passa per molts \u00e0mbits, i un d\u2019ells la millora de les instal\u00b7lacions esportives\u201d, ha assenyalat.&nbsp;<\/p>\n","protected":false},"excerpt":{"rendered":"<p>Els usuaris del pavell\u00f3 municipal Pa\u00efsos Catalans, situat al carrer d\u2019Ausi\u00e0s Marc al barri del Raval de Badalona, poden fer des d\u2019ahir \u00fas de les dutxes d\u2019aquesta instal\u00b7laci\u00f3 esportiva, que portaven quatre anys espatllades i fora de funcionament. L\u2019aixecament d\u2019aquesta restricci\u00f3 es produeix despr\u00e9s de la finalitzaci\u00f3 de les obres d\u2019instal\u00b7laci\u00f3 del nou sistema de [&hellip;]<\/p>\n","protected":false},"author":2,"featured_media":6323,"comment_status":"open","ping_status":"open","sticky":false,"template":"","format":"standard","meta":{"footnotes":""},"categories":[23,26],"tags":[],"class_list":{"0":"post-6322","1":"post","2":"type-post","3":"status-publish","4":"format-standard","5":"has-post-thumbnail","7":"category-actualitat","8":"category-esports"},"_links":{"self":[{"href":"https:\/\/areabadalona.com\/diario\/wp-json\/wp\/v2\/posts\/6322","targetHints":{"allow":["GET"]}}],"collection":[{"href":"https:\/\/areabadalona.com\/diario\/wp-json\/wp\/v2\/posts"}],"about":[{"href":"https:\/\/areabadalona.com\/diario\/wp-json\/wp\/v2\/types\/post"}],"author":[{"embeddable":true,"href":"https:\/\/areabadalona.com\/diario\/wp-json\/wp\/v2\/users\/2"}],"replies":[{"embeddable":true,"href":"https:\/\/areabadalona.com\/diario\/wp-json\/wp\/v2\/comments?post=6322"}],"version-history":[{"count":1,"href":"https:\/\/areabadalona.com\/diario\/wp-json\/wp\/v2\/posts\/6322\/revisions"}],"predecessor-version":[{"id":6324,"href":"https:\/\/areabadalona.com\/diario\/wp-json\/wp\/v2\/posts\/6322\/revisions\/6324"}],"wp:featuredmedia":[{"embeddable":true,"href":"https:\/\/areabadalona.com\/diario\/wp-json\/wp\/v2\/media\/6323"}],"wp:attachment":[{"href":"https:\/\/areabadalona.com\/diario\/wp-json\/wp\/v2\/media?parent=6322"}],"wp:term":[{"taxonomy":"category","embeddable":true,"href":"https:\/\/areabadalona.com\/diario\/wp-json\/wp\/v2\/categories?post=6322"},{"taxonomy":"post_tag","embeddable":true,"href":"https:\/\/areabadalona.com\/diario\/wp-json\/wp\/v2\/tags?post=6322"}],"curies":[{"name":"wp","href":"https:\/\/api.w.org\/{rel}","templated":true}]}}