{"id":6319,"date":"2024-01-15T10:42:28","date_gmt":"2024-01-15T10:42:28","guid":{"rendered":"https:\/\/areabadalona.com\/diario\/?p=6319"},"modified":"2024-01-17T10:43:25","modified_gmt":"2024-01-17T10:43:25","slug":"sobre-el-termini-per-presentar-candidatures-al-premi-trencant-invisibilitats","status":"publish","type":"post","link":"https:\/\/areabadalona.com\/diario\/2024\/01\/15\/sobre-el-termini-per-presentar-candidatures-al-premi-trencant-invisibilitats\/","title":{"rendered":"S\u2019obre el termini per presentar candidatures al premi Trencant Invisibilitats"},"content":{"rendered":"\n<p>El Consell Municipal de les de Dones de Badalona convoca una nova edici\u00f3 del premi Trencant Invisibilitats, un guard\u00f3 que t\u00e9 l\u2019objectiu de recon\u00e8ixer la tasca que desenvolupen tant els col\u00b7lectius com persones individuals en favor de l\u2019equitat de g\u00e8nere i el feminisme a la ciutat. Per a la concessi\u00f3 d\u2019aquest premi, que va ser creat l\u2019any 2003, es valora especialment la traject\u00f2ria vital, social i professional de les candidates i la seva dedicaci\u00f3 volunt\u00e0ria per posar fi als models patriarcals de la societat.&nbsp;<\/p>\n\n\n\n<p>Els premis es concedeixen en dues categories: Traject\u00f2ria Individual i Projecte. A la categoria Traject\u00f2ria Individual les candidates han de ser dones que hagin desenvolupat part important de la seva vida, personal, professional o social a la ciutat de Badalona. La candidata ha d\u2019haver tingut una traject\u00f2ria o alguna experi\u00e8ncia de vida que sigui inspiradora com a exemple de transformaci\u00f3 social amb relaci\u00f3 als estereotips de g\u00e8nere, ja sigui vinculats a l\u2019orientaci\u00f3 sexual, la identitat de g\u00e8nere, la classe social, l\u2019edat, la religi\u00f3, l\u2019origen nacional i\/o \u00e8tnic o la diversitat funcional.&nbsp;<\/p>\n\n\n\n<p>Pel que fa a la categoria Projecte, han de ser propostes col\u00b7lectives que hagin estat portades a terme al territori de Badalona i projectes que plantegin formes innovadores i efectives de q\u00fcestionar i transformar les relacions de g\u00e8nere, ja sigui en l\u2019\u00e0mbit educatiu, social, pol\u00edtic, cultural o econ\u00f2mic.&nbsp;<\/p>\n\n\n\n<p>Les candidatures interessades a optar al premi poden presentar la seva proposta <strong>des d\u2019avui, dilluns 15 de gener, fins al dijous 1 de febrer, ambd\u00f3s inclosos<\/strong>, enviant una sol\u00b7licitud al correu electr\u00f2nic del Servei de Feminismes de l\u2019Ajuntament de Badalona (<a href=\"mailto:feminisme@badalona.cat\">feminisme@badalona.cat<\/a>), o de manera presencial en el Servei d\u2019Atenci\u00f3 a la Ciutadania de l\u2019edifici El Viver i el Centre de Recursos i Assessorament de les Dones (CRAD), ubicat a l\u2019antic escorxador. &nbsp;<\/p>\n\n\n\n<p>La proposta ha d\u2019incloure una breu justificaci\u00f3 de la candidatura, tal com s\u2019estipula en el formulari d\u2019inscripci\u00f3. Podeu consultar totes les bases dels premis Trencant Invisibilitats i descarregar el formulari d\u2019inscripci\u00f3 en el aquest <a href=\"https:\/\/www.badalona.cat\/ca\/serveis-ajuntament\/igualtat-feminismes\/premi-trencant-invisibilitats\">enlla\u00e7<\/a>.&nbsp;<\/p>\n\n\n\n<p>La Comissi\u00f3 permanent del Consell Municipal de les Dones ser\u00e0 l&#8217;\u00f2rgan que actuar\u00e0 com a jurat dels premis i que s&#8217;encarregar\u00e0 d&#8217;escollir les propostes premiades. El lliurament dels premis es far\u00e0 en un acte organitzat per l\u2019Ajuntament de Badalona.&nbsp;<\/p>\n","protected":false},"excerpt":{"rendered":"<p>El Consell Municipal de les de Dones de Badalona convoca una nova edici\u00f3 del premi Trencant Invisibilitats, un guard\u00f3 que t\u00e9 l\u2019objectiu de recon\u00e8ixer la tasca que desenvolupen tant els col\u00b7lectius com persones individuals en favor de l\u2019equitat de g\u00e8nere i el feminisme a la ciutat. Per a la concessi\u00f3 d\u2019aquest premi, que va ser [&hellip;]<\/p>\n","protected":false},"author":2,"featured_media":6320,"comment_status":"open","ping_status":"open","sticky":false,"template":"","format":"standard","meta":{"footnotes":""},"categories":[23],"tags":[],"class_list":{"0":"post-6319","1":"post","2":"type-post","3":"status-publish","4":"format-standard","5":"has-post-thumbnail","7":"category-actualitat"},"_links":{"self":[{"href":"https:\/\/areabadalona.com\/diario\/wp-json\/wp\/v2\/posts\/6319","targetHints":{"allow":["GET"]}}],"collection":[{"href":"https:\/\/areabadalona.com\/diario\/wp-json\/wp\/v2\/posts"}],"about":[{"href":"https:\/\/areabadalona.com\/diario\/wp-json\/wp\/v2\/types\/post"}],"author":[{"embeddable":true,"href":"https:\/\/areabadalona.com\/diario\/wp-json\/wp\/v2\/users\/2"}],"replies":[{"embeddable":true,"href":"https:\/\/areabadalona.com\/diario\/wp-json\/wp\/v2\/comments?post=6319"}],"version-history":[{"count":1,"href":"https:\/\/areabadalona.com\/diario\/wp-json\/wp\/v2\/posts\/6319\/revisions"}],"predecessor-version":[{"id":6321,"href":"https:\/\/areabadalona.com\/diario\/wp-json\/wp\/v2\/posts\/6319\/revisions\/6321"}],"wp:featuredmedia":[{"embeddable":true,"href":"https:\/\/areabadalona.com\/diario\/wp-json\/wp\/v2\/media\/6320"}],"wp:attachment":[{"href":"https:\/\/areabadalona.com\/diario\/wp-json\/wp\/v2\/media?parent=6319"}],"wp:term":[{"taxonomy":"category","embeddable":true,"href":"https:\/\/areabadalona.com\/diario\/wp-json\/wp\/v2\/categories?post=6319"},{"taxonomy":"post_tag","embeddable":true,"href":"https:\/\/areabadalona.com\/diario\/wp-json\/wp\/v2\/tags?post=6319"}],"curies":[{"name":"wp","href":"https:\/\/api.w.org\/{rel}","templated":true}]}}