{"id":6316,"date":"2024-01-16T10:40:32","date_gmt":"2024-01-16T10:40:32","guid":{"rendered":"https:\/\/areabadalona.com\/diario\/?p=6316"},"modified":"2024-01-17T10:41:20","modified_gmt":"2024-01-17T10:41:20","slug":"badalona-se-suma-a-la-primera-marato-de-donacions-de-sang-per-restablir-les-reserves-despres-de-les-festes-de-nadal","status":"publish","type":"post","link":"https:\/\/areabadalona.com\/diario\/2024\/01\/16\/badalona-se-suma-a-la-primera-marato-de-donacions-de-sang-per-restablir-les-reserves-despres-de-les-festes-de-nadal\/","title":{"rendered":"Badalona se suma a la primera Marat\u00f3 de donacions de sang per restablir les reserves despr\u00e9s de les festes de Nadal\u00a0"},"content":{"rendered":"\n<p>Badalona se suma aquest mes de gener a la primera Marat\u00f3 de Donants de Sang de l\u2019any a Catalunya amb la qual el Banc de Sang i Teixits vol aconseguir restablir les reserves de sang als centres hospitalaris despr\u00e9s de les festivitats de Nadal. Les Escoles Minguella acollir\u00e0 dimecres 17 la primera jornada de donaci\u00f3 i el divendres 19 de gener l\u2019Escola Joan Coret. La primera Marat\u00f3 de Donants a Catalunya durar\u00e0 fins al 19 de gener amb l\u2019objectiu d\u2019arribar a les 10.000 donacions. &nbsp;<\/p>\n\n\n\n<p>El Banc de Sang i Teixits preveu que al llarg d\u2019aquest any 2024 m\u00e9s de 70.000 persones necessitaran rebre sang als hospitals de Catalunya.&nbsp;<\/p>\n\n\n\n<p>Badalona s\u2019afegeix a la primera Marat\u00f3 de Sang amb les jornades seg\u00fcents:&nbsp;<\/p>\n\n\n\n<p><strong>Dimecres 17 de gener&nbsp;<\/strong><\/p>\n\n\n\n<p>Escoles Minguella. Carrer de Santa Madrona 75. De 10 a 20 hores. Horari ininterromput. Amb la col\u00b7laboraci\u00f3 dels alumnes de primer d\u2019ESO.&nbsp;<\/p>\n\n\n\n<p><strong>Divendres 19 de gener&nbsp;<\/strong><\/p>\n\n\n\n<p>Escola Joan Coret. Pla\u00e7a dels Voluntaris Ol\u00edmpics, 3. De 16 a 20 hores.&nbsp;<\/p>\n\n\n\n<p>Durant aquest mes de gener tamb\u00e9 tindran lloc amb les jornades de donaci\u00f3 seg\u00fcents:&nbsp;<\/p>\n\n\n\n<p><strong>Dilluns 22 de gener&nbsp;<\/strong><\/p>\n\n\n\n<p>Instituci\u00f3 Cultural Laiet\u00e0nia. Carrer de Saragossa 18. De 16 a 20 hores.&nbsp;<\/p>\n\n\n\n<p><strong>Dimarts 23 de gener&nbsp;<\/strong><\/p>\n\n\n\n<p>Unitat M\u00f2bil a la pla\u00e7a dels Pa\u00efsos Catalans. De 16 a 20 hores.&nbsp;<\/p>\n\n\n\n<p><strong>Dijous 25 de gener<\/strong>&nbsp;&nbsp;<\/p>\n\n\n\n<p>Escola Bet\u00falia. Carrer de la Conquista, 57. De 15.30 a 20 hores.&nbsp;<\/p>\n\n\n\n<p>Qualsevol persona que es trobi b\u00e9 de salut, que tingui entre 18 i 70 anys i pesi m\u00e9s de 50 quilos, pot ser donant de sang. Entre donaci\u00f3 i donaci\u00f3 ha de passar un m\u00ednim de dos mesos. Podeu consultar les pr\u00f2ximes jornades de donaci\u00f3 a Badalona i fer la reserva a l\u2019enlla\u00e7 seg\u00fcent:&nbsp;<\/p>\n\n\n\n<figure class=\"wp-block-embed\"><div class=\"wp-block-embed__wrapper\">\nhttps:\/\/donarsang.gencat.cat\/ca\/vull-donar\/cercar\/\n<\/div><\/figure>\n\n\n\n<p>D\u2019altra banda, cal recordar que el Banc de Sang i Teixits, ubicat a la planta baixa de l\u2019Hospital Universitari Germans Trias i Pujol, est\u00e0 obert a donacions de dilluns a divendres de 9 a 14 i de 16 a 20 hores i els dissabtes de 9 a 14 hores.&nbsp;<\/p>\n\n\n\n<p><strong>56 jornades de donaci\u00f3 l\u2019any 2023&nbsp;<\/strong><\/p>\n\n\n\n<p>L\u2019any passat el Banc de Sang i Teixits va organitzar, amb el suport de l\u2019Ajuntament de Badalona, 56 jornades de donaci\u00f3 amb el resultat de prop de 2.000 donacions. Entre les dades del 2023 tamb\u00e9 destaca que a Badalona es van incorporar 190 nous donants. &nbsp;<\/p>\n\n\n\n<p>Amb motiu de la Marat\u00f3 de Donants de Sang de Catalunya i per conscienciar la ciutadania per assolir el repte de les 10.000 donacions, dissabte passat es va il\u00b7luminar la fa\u00e7ana de l&#8217;Edifici de Capitania del Port de Badalona.&nbsp;<\/p>\n","protected":false},"excerpt":{"rendered":"<p>Badalona se suma aquest mes de gener a la primera Marat\u00f3 de Donants de Sang de l\u2019any a Catalunya amb la qual el Banc de Sang i Teixits vol aconseguir restablir les reserves de sang als centres hospitalaris despr\u00e9s de les festivitats de Nadal. Les Escoles Minguella acollir\u00e0 dimecres 17 la primera jornada de donaci\u00f3 [&hellip;]<\/p>\n","protected":false},"author":2,"featured_media":6317,"comment_status":"open","ping_status":"open","sticky":false,"template":"","format":"standard","meta":{"footnotes":""},"categories":[23],"tags":[],"class_list":{"0":"post-6316","1":"post","2":"type-post","3":"status-publish","4":"format-standard","5":"has-post-thumbnail","7":"category-actualitat"},"_links":{"self":[{"href":"https:\/\/areabadalona.com\/diario\/wp-json\/wp\/v2\/posts\/6316","targetHints":{"allow":["GET"]}}],"collection":[{"href":"https:\/\/areabadalona.com\/diario\/wp-json\/wp\/v2\/posts"}],"about":[{"href":"https:\/\/areabadalona.com\/diario\/wp-json\/wp\/v2\/types\/post"}],"author":[{"embeddable":true,"href":"https:\/\/areabadalona.com\/diario\/wp-json\/wp\/v2\/users\/2"}],"replies":[{"embeddable":true,"href":"https:\/\/areabadalona.com\/diario\/wp-json\/wp\/v2\/comments?post=6316"}],"version-history":[{"count":1,"href":"https:\/\/areabadalona.com\/diario\/wp-json\/wp\/v2\/posts\/6316\/revisions"}],"predecessor-version":[{"id":6318,"href":"https:\/\/areabadalona.com\/diario\/wp-json\/wp\/v2\/posts\/6316\/revisions\/6318"}],"wp:featuredmedia":[{"embeddable":true,"href":"https:\/\/areabadalona.com\/diario\/wp-json\/wp\/v2\/media\/6317"}],"wp:attachment":[{"href":"https:\/\/areabadalona.com\/diario\/wp-json\/wp\/v2\/media?parent=6316"}],"wp:term":[{"taxonomy":"category","embeddable":true,"href":"https:\/\/areabadalona.com\/diario\/wp-json\/wp\/v2\/categories?post=6316"},{"taxonomy":"post_tag","embeddable":true,"href":"https:\/\/areabadalona.com\/diario\/wp-json\/wp\/v2\/tags?post=6316"}],"curies":[{"name":"wp","href":"https:\/\/api.w.org\/{rel}","templated":true}]}}