{"id":6310,"date":"2024-01-16T10:12:00","date_gmt":"2024-01-16T10:12:00","guid":{"rendered":"https:\/\/areabadalona.com\/diario\/?p=6310"},"modified":"2024-01-17T10:12:50","modified_gmt":"2024-01-17T10:12:50","slug":"el-psc-ja-treballa-amb-la-convocatoria-dels-bons-consums-per-aquest-any","status":"publish","type":"post","link":"https:\/\/areabadalona.com\/diario\/2024\/01\/16\/el-psc-ja-treballa-amb-la-convocatoria-dels-bons-consums-per-aquest-any\/","title":{"rendered":"El PSC ja treballa amb la convocat\u00f2ria dels bons consums per aquest any\u00a0"},"content":{"rendered":"\n<p>Un dels compromisos del PSC amb el govern municipal va ser la tornada dels bons consums, als comer\u00e7os de Badalona., durant aquest 2024. De fet, ja s&#8217;ha reservat una partida pressupost\u00e0ria per aquesta nova convocat\u00f2ria. Durant els darrers dies, el president del grup municipal del PSC a Badalona, Fernando Carrera, ha mantingut diverses reunions amb els agents implicats, com la Cambra de comer\u00e7 o la Federaci\u00f3 de Comerciants de Badalona. El PSC vol ser proactiu, i presentar al govern una proposta per tirar endavant durant dues convocat\u00f2ries aquest any. A m\u00e9s, Carrera s&#8217;ha interessat de com introduir millores en aquesta edici\u00f3, com per exemple per arribar aquests descomptes a tots els barris de la ciutat. Un altre dels aspectes que s&#8217;ha treballat \u00e9s quina \u00e9s la millor \u00e8poca de l&#8217;any per tirar endavant aquesta edici\u00f3. Fa setmanes, durant la roda de premsa de presentaci\u00f3 de les incorporacions del PSC als pressupostos, juntament amb el govern local, el cap de l&#8217;oposici\u00f3 ja va deixar clar que els socialistes treballaran totes les propostes aportades amb els agents implicats. \u00abNo ens quedarem amb els bra\u00e7os plegats, i volem aportar millores per Badalona des de la nostra posici\u00f3\u00bb, ha considerat Carrera.<\/p>\n","protected":false},"excerpt":{"rendered":"<p>Un dels compromisos del PSC amb el govern municipal va ser la tornada dels bons consums, als comer\u00e7os de Badalona., durant aquest 2024. De fet, ja s&#8217;ha reservat una partida pressupost\u00e0ria per aquesta nova convocat\u00f2ria. Durant els darrers dies, el president del grup municipal del PSC a Badalona, Fernando Carrera, ha mantingut diverses reunions amb [&hellip;]<\/p>\n","protected":false},"author":2,"featured_media":6311,"comment_status":"open","ping_status":"open","sticky":false,"template":"","format":"standard","meta":{"footnotes":""},"categories":[23],"tags":[],"class_list":{"0":"post-6310","1":"post","2":"type-post","3":"status-publish","4":"format-standard","5":"has-post-thumbnail","7":"category-actualitat"},"_links":{"self":[{"href":"https:\/\/areabadalona.com\/diario\/wp-json\/wp\/v2\/posts\/6310","targetHints":{"allow":["GET"]}}],"collection":[{"href":"https:\/\/areabadalona.com\/diario\/wp-json\/wp\/v2\/posts"}],"about":[{"href":"https:\/\/areabadalona.com\/diario\/wp-json\/wp\/v2\/types\/post"}],"author":[{"embeddable":true,"href":"https:\/\/areabadalona.com\/diario\/wp-json\/wp\/v2\/users\/2"}],"replies":[{"embeddable":true,"href":"https:\/\/areabadalona.com\/diario\/wp-json\/wp\/v2\/comments?post=6310"}],"version-history":[{"count":1,"href":"https:\/\/areabadalona.com\/diario\/wp-json\/wp\/v2\/posts\/6310\/revisions"}],"predecessor-version":[{"id":6312,"href":"https:\/\/areabadalona.com\/diario\/wp-json\/wp\/v2\/posts\/6310\/revisions\/6312"}],"wp:featuredmedia":[{"embeddable":true,"href":"https:\/\/areabadalona.com\/diario\/wp-json\/wp\/v2\/media\/6311"}],"wp:attachment":[{"href":"https:\/\/areabadalona.com\/diario\/wp-json\/wp\/v2\/media?parent=6310"}],"wp:term":[{"taxonomy":"category","embeddable":true,"href":"https:\/\/areabadalona.com\/diario\/wp-json\/wp\/v2\/categories?post=6310"},{"taxonomy":"post_tag","embeddable":true,"href":"https:\/\/areabadalona.com\/diario\/wp-json\/wp\/v2\/tags?post=6310"}],"curies":[{"name":"wp","href":"https:\/\/api.w.org\/{rel}","templated":true}]}}