{"id":6295,"date":"2024-01-12T12:38:15","date_gmt":"2024-01-12T12:38:15","guid":{"rendered":"https:\/\/areabadalona.com\/diario\/?p=6295"},"modified":"2024-01-12T12:38:16","modified_gmt":"2024-01-12T12:38:16","slug":"lajuntament-de-badalona-impulsa-una-campanya-digital-per-promoure-el-turisme-a-la-ciutat-entre-els-aficionats-dels-equips-que-juguin-contra-el-joventut","status":"publish","type":"post","link":"https:\/\/areabadalona.com\/diario\/2024\/01\/12\/lajuntament-de-badalona-impulsa-una-campanya-digital-per-promoure-el-turisme-a-la-ciutat-entre-els-aficionats-dels-equips-que-juguin-contra-el-joventut\/","title":{"rendered":"L\u2019Ajuntament de Badalona impulsa una campanya digital per promoure el turisme a la ciutat entre els aficionats dels equips que juguin contra el Joventut \u00a0"},"content":{"rendered":"\n<p>L\u2019Ajuntament de Badalona, a trav\u00e9s de l\u2019\u00c0mbit d\u2019Impuls Econ\u00f2mic i de Ciutat, ha iniciat una campanya digital per promoure el turisme a la ciutat entre els aficionats dels equips ACB que regularment visiten Badalona per enfrontar-se al Club Joventut en el marc de la Lliga Endesa. &nbsp;<\/p>\n\n\n\n<p>Aprofitant la gran assist\u00e8ncia de persones que suposen aquests partits i la facilitat d\u2019identificar la seva proced\u00e8ncia, des de l\u2019Ajuntament s\u2019ha comen\u00e7at a dissenyar continguts per difondre a les xarxes socials que s\u2019adrecen de manera personalitzada als aficionats de cada club visitant. En aquests continguts es destaquen, per exemple, els punts d\u2019inter\u00e8s de la ciutat, les activitats previstes a Badalona durant el per\u00edode en qu\u00e8 es fa la visita, indicacions per arribar al Palau Municipal d\u2019Esports o els principals eixos comercials i de restauraci\u00f3.&nbsp;<\/p>\n\n\n\n<p>Aquesta iniciativa es va posar en marxa fa unes setmanes amb la visita del Real Madrid de b\u00e0squet, i est\u00e0 previst fer-ho amb la resta d\u2019equips ACB fins que finalitzi la temporada. &nbsp;<\/p>\n\n\n\n<p>La segona tinenta d&#8217;alcaldia i regidora de l&#8217;\u00c0mbit d&#8217;Impuls Econ\u00f2mic i de Ciutat, Treball, Cultura, Ciutadania i Govern, Cristina Ag\u00fcera, considera que \u00e9s imprescindible projectar la imatge de Badalona arreu per enfortir el seu teixit econ\u00f2mic i consolidar la marca de ciutat. \u201cDes del Govern municipal volem treure r\u00e8dit a tots els recursos per impulsar la ciutat, i la visita dels aficionats dels equips que juguen contra la Penya \u00e9s una molt bona oportunitat per atraure el turisme a la ciutat\u201d, ha assegurat la tinenta d\u2019alcaldia. \u00a0<\/p>\n\n\n\n<p><\/p>\n","protected":false},"excerpt":{"rendered":"<p>L\u2019Ajuntament de Badalona, a trav\u00e9s de l\u2019\u00c0mbit d\u2019Impuls Econ\u00f2mic i de Ciutat, ha iniciat una campanya digital per promoure el turisme a la ciutat entre els aficionats dels equips ACB que regularment visiten Badalona per enfrontar-se al Club Joventut en el marc de la Lliga Endesa. &nbsp; Aprofitant la gran assist\u00e8ncia de persones que suposen [&hellip;]<\/p>\n","protected":false},"author":2,"featured_media":6296,"comment_status":"open","ping_status":"open","sticky":false,"template":"","format":"standard","meta":{"footnotes":""},"categories":[23,26],"tags":[],"class_list":{"0":"post-6295","1":"post","2":"type-post","3":"status-publish","4":"format-standard","5":"has-post-thumbnail","7":"category-actualitat","8":"category-esports"},"_links":{"self":[{"href":"https:\/\/areabadalona.com\/diario\/wp-json\/wp\/v2\/posts\/6295","targetHints":{"allow":["GET"]}}],"collection":[{"href":"https:\/\/areabadalona.com\/diario\/wp-json\/wp\/v2\/posts"}],"about":[{"href":"https:\/\/areabadalona.com\/diario\/wp-json\/wp\/v2\/types\/post"}],"author":[{"embeddable":true,"href":"https:\/\/areabadalona.com\/diario\/wp-json\/wp\/v2\/users\/2"}],"replies":[{"embeddable":true,"href":"https:\/\/areabadalona.com\/diario\/wp-json\/wp\/v2\/comments?post=6295"}],"version-history":[{"count":1,"href":"https:\/\/areabadalona.com\/diario\/wp-json\/wp\/v2\/posts\/6295\/revisions"}],"predecessor-version":[{"id":6297,"href":"https:\/\/areabadalona.com\/diario\/wp-json\/wp\/v2\/posts\/6295\/revisions\/6297"}],"wp:featuredmedia":[{"embeddable":true,"href":"https:\/\/areabadalona.com\/diario\/wp-json\/wp\/v2\/media\/6296"}],"wp:attachment":[{"href":"https:\/\/areabadalona.com\/diario\/wp-json\/wp\/v2\/media?parent=6295"}],"wp:term":[{"taxonomy":"category","embeddable":true,"href":"https:\/\/areabadalona.com\/diario\/wp-json\/wp\/v2\/categories?post=6295"},{"taxonomy":"post_tag","embeddable":true,"href":"https:\/\/areabadalona.com\/diario\/wp-json\/wp\/v2\/tags?post=6295"}],"curies":[{"name":"wp","href":"https:\/\/api.w.org\/{rel}","templated":true}]}}