{"id":6292,"date":"2024-01-12T12:34:44","date_gmt":"2024-01-12T12:34:44","guid":{"rendered":"https:\/\/areabadalona.com\/diario\/?p=6292"},"modified":"2024-01-12T12:34:44","modified_gmt":"2024-01-12T12:34:44","slug":"carrera-denuncia-que-la-manca-denllumenat-al-voltant-de-la-placa-de-la-dona-provoca-problemes-dinseguretat","status":"publish","type":"post","link":"https:\/\/areabadalona.com\/diario\/2024\/01\/12\/carrera-denuncia-que-la-manca-denllumenat-al-voltant-de-la-placa-de-la-dona-provoca-problemes-dinseguretat\/","title":{"rendered":"Carrera denuncia que la manca d&#8217;enllumenat al voltant de la pla\u00e7a de la Dona provoca problemes d&#8217;inseguretat"},"content":{"rendered":"\n<p>El president del grup municipal del PSC, Fernando Carrera, ha denunciat la situaci\u00f3 de l&#8217;enllumenat de la pla\u00e7a de la Dona, i els seus voltants, al barri de Llefi\u00e0. La poca llum que donen els fanals d&#8217;aquest espai est\u00e0 provocant problemes de seguretat, com robatoris, segons han explicat diversos ve\u00efns que s&#8217;han posat en contacte amb el PSC. Carrera demana al govern del PP que prioritzi resoldre l&#8217;enllumenat d&#8217;aquesta zona de la ciutat. A\u00a0mitjans\u00a0d\u2019octubre, l&#8217;Ajuntament va presentar un pla per renovar els fanals, per\u00f2 gaireb\u00e9 tres mesos despr\u00e9s, el govern ha estat incapa\u00e7 de prioritzar aquelles zones on actualment manca llum, com aquesta zona de Llefi\u00e0. A la demanda de millorar l&#8217;enllumenat de la pla\u00e7a de la Dona, i els seus voltants, s\u2019han sumat comerciants i l&#8217;entitat ve\u00efnal.<\/p>\n","protected":false},"excerpt":{"rendered":"<p>El president del grup municipal del PSC, Fernando Carrera, ha denunciat la situaci\u00f3 de l&#8217;enllumenat de la pla\u00e7a de la Dona, i els seus voltants, al barri de Llefi\u00e0. La poca llum que donen els fanals d&#8217;aquest espai est\u00e0 provocant problemes de seguretat, com robatoris, segons han explicat diversos ve\u00efns que s&#8217;han posat en contacte [&hellip;]<\/p>\n","protected":false},"author":2,"featured_media":6293,"comment_status":"open","ping_status":"open","sticky":false,"template":"","format":"standard","meta":{"footnotes":""},"categories":[23],"tags":[],"class_list":{"0":"post-6292","1":"post","2":"type-post","3":"status-publish","4":"format-standard","5":"has-post-thumbnail","7":"category-actualitat"},"_links":{"self":[{"href":"https:\/\/areabadalona.com\/diario\/wp-json\/wp\/v2\/posts\/6292","targetHints":{"allow":["GET"]}}],"collection":[{"href":"https:\/\/areabadalona.com\/diario\/wp-json\/wp\/v2\/posts"}],"about":[{"href":"https:\/\/areabadalona.com\/diario\/wp-json\/wp\/v2\/types\/post"}],"author":[{"embeddable":true,"href":"https:\/\/areabadalona.com\/diario\/wp-json\/wp\/v2\/users\/2"}],"replies":[{"embeddable":true,"href":"https:\/\/areabadalona.com\/diario\/wp-json\/wp\/v2\/comments?post=6292"}],"version-history":[{"count":1,"href":"https:\/\/areabadalona.com\/diario\/wp-json\/wp\/v2\/posts\/6292\/revisions"}],"predecessor-version":[{"id":6294,"href":"https:\/\/areabadalona.com\/diario\/wp-json\/wp\/v2\/posts\/6292\/revisions\/6294"}],"wp:featuredmedia":[{"embeddable":true,"href":"https:\/\/areabadalona.com\/diario\/wp-json\/wp\/v2\/media\/6293"}],"wp:attachment":[{"href":"https:\/\/areabadalona.com\/diario\/wp-json\/wp\/v2\/media?parent=6292"}],"wp:term":[{"taxonomy":"category","embeddable":true,"href":"https:\/\/areabadalona.com\/diario\/wp-json\/wp\/v2\/categories?post=6292"},{"taxonomy":"post_tag","embeddable":true,"href":"https:\/\/areabadalona.com\/diario\/wp-json\/wp\/v2\/tags?post=6292"}],"curies":[{"name":"wp","href":"https:\/\/api.w.org\/{rel}","templated":true}]}}