{"id":6286,"date":"2024-01-12T10:29:17","date_gmt":"2024-01-12T10:29:17","guid":{"rendered":"https:\/\/areabadalona.com\/diario\/?p=6286"},"modified":"2024-01-12T10:31:03","modified_gmt":"2024-01-12T10:31:03","slug":"__trashed","status":"publish","type":"post","link":"https:\/\/areabadalona.com\/diario\/2024\/01\/12\/__trashed\/","title":{"rendered":"Calendari del contribuent 2024 a Badalona"},"content":{"rendered":"\n<p>Els terminis de pagament dels rebuts de les diferents taxes i impostos municipals a Badalona per a aquest any 2024 queden de la seg\u00fcent manera:<\/p>\n\n\n\n<p>Rebuts no domiciliats<\/p>\n\n\n\n<ul class=\"wp-block-list\">\n<li>Taxa pels serveis de cementiris municipals; taxa per entrada de vehicles \u2013 guals; taxa per reserva d\u2019espai per aparcament de vehicles i la taxa d\u2019ocupaci\u00f3 de l\u2019espai p\u00fablic, de l\u20191 de febrer al 5 d\u2019abril:<\/li>\n\n\n\n<li>Impost sobre vehicles de tracci\u00f3 mec\u00e0nic (IVTM), del 19 de febrer al 19 d\u2019abril.<\/li>\n\n\n\n<li>Impost sobre b\u00e9ns immobles (IBI) urbans i r\u00fastics, del 2 d\u2019abril al 5 de juny<\/li>\n\n\n\n<li>Primera fracci\u00f3 de la taxa del mercat setmanal i encants i de la taxa de gesti\u00f3 administrativa dels mercats i precaris. Del 2 d\u2019abril al 5 de juny.<\/li>\n<\/ul>\n\n\n\n<p>La segona fracci\u00f3 d\u2019aquesta taxa del mercat setmanal i dels encants i de la gesti\u00f3 administrativa dels mercats i precaris es cobraria de l\u20191 d\u2019octubre al 5 de desembre.<\/p>\n\n\n\n<ul class=\"wp-block-list\">\n<li>Taxa d\u2019ocupaci\u00f3 de la via p\u00fablica amb taules i cadires, del 2 de setembre al 5 de novembre.<\/li>\n\n\n\n<li>Impost sobre activitats econ\u00f2miques (IAE), del 16 de setembre al 18 de novembre.<\/li>\n<\/ul>\n\n\n\n<p>Rebuts domiciliats<\/p>\n\n\n\n<ul class=\"wp-block-list\">\n<li>Taxa pels serveis de cementiris; la taxa per entrada de vehicles &#8211; guals; la taxa per reserva d\u2019espai per aparcament de vehicles a la via p\u00fablica i la taxa d\u2019ocupaci\u00f3 de l\u2019espai p\u00fablic es cobraran el dia 2 d\u2019abril.<\/li>\n\n\n\n<li>Impost sobre vehicles de tracci\u00f3 mec\u00e0nica (IVTM) es cobrar\u00e0 el 2 d\u2019abril.<\/li>\n\n\n\n<li>L\u2019import de l\u2019IBI r\u00fastic es cobrar\u00e0 el 3 de juny.<\/li>\n\n\n\n<li>La taxa dels mercats setmanals i encants es cobrar\u00e0 en dues fraccions la primera el 3 de juny i la segona el 2 de desembre.<\/li>\n\n\n\n<li>La taxa de gesti\u00f3 administrativa de mercats i precaris es cobrar\u00e0 tamb\u00e9 en dues fraccions la primera el 3 de juny i la segona el 2 de desembre.<\/li>\n\n\n\n<li>La taxa d\u2019ocupaci\u00f3 via p\u00fablica amb taules i cadires el 4 de novembre.<\/li>\n\n\n\n<li>El cobrament del pagament fraccionat de la domiciliaci\u00f3 banc\u00e0ria de l\u2019IBI \u00e9s el seg\u00fcent:<\/li>\n\n\n\n<li>1a fracci\u00f3: 2 de maig<\/li>\n\n\n\n<li>2a fracci\u00f3: 1 de juliol<\/li>\n\n\n\n<li>3 fracci\u00f3: 2 de setembre<\/li>\n\n\n\n<li>4a fracci\u00f3: 4 de novembre<\/li>\n\n\n\n<li>El cobrament del pagament fraccionat de la domiciliaci\u00f3 banc\u00e0ria de l\u2019IAE \u00e9s el seg\u00fcent:<\/li>\n\n\n\n<li>1a fracci\u00f3: 1 d\u2019octubre<\/li>\n\n\n\n<li>2a fracci\u00f3: 4 de novembre<\/li>\n\n\n\n<li>3 fracci\u00f3: 2 de desembre<\/li>\n<\/ul>\n\n\n\n<p>Formes de pagament<\/p>\n\n\n\n<p>Entitats financeres col\u00b7laboradores<\/p>\n\n\n\n<p>Telef\u00f2nicament 93 472 92 25 i 93 202 98 02<\/p>\n\n\n\n<p>Internet http:\/\/orgt.diba.cat\/pagaments, amb targeta banc\u00e0ria o Bizum<\/p>\n\n\n\n<p>En el cas que es disposi de certificat digital o DNI electr\u00f2nic es pot consultar la informaci\u00f3 tribut\u00e0ria del titular a https:\/\/orgt.diba.cat\/ca\/ o a www.badalona.cat.<\/p>\n\n\n\n<p>Si es vol realitzar qualsevol tramitaci\u00f3 telem\u00e0tica i presentar documentaci\u00f3 relacionada amb la gesti\u00f3 de tributs (sol\u00b7licituds, recursos, registre general\u2026) es pot fer a trav\u00e9s de la seu electr\u00f2nica https:\/\/seu.badalona.cat\/ &#8211; Cat\u00e0leg de tr\u00e0mits que recull tots els tr\u00e0mits municipals que ofereix l\u2019Ajuntament de Badalona.<\/p>\n\n\n\n<p><\/p>\n\n\n\n<p><strong>Els socialistes acusen el govern d&#8217;ocultar la nova taxa d&#8217;escombraries<\/strong><\/p>\n\n\n\n<p>En una nota de premsa, els socialistes de Badalona acusen el govern municipal d&#8217;ocultar la nova taxa d&#8217;escombraries de 108 euros. El president del grup municipal del PSC, Fernando Carrera, ha lamentat que el govern del PP far\u00e0 pagar aquest 2024 m\u00e9s de 100 euros a cada fam\u00edlia, per\u00f2, en canvi, ho amaga del calendari del contribuent. En el seu dia, segons ha recordat Carrera, \u00abel PP ja va amargar aquesta taxa per part del departament de Comunicaci\u00f3, on no va realitzar cap comunicat oficial, i ara amaga aquesta taxa del calendari del contribuent\u00bb. Els socialistes recorden que la taxa de residus no s&#8217;ha d&#8217;aplicar aquest 2024, segons la marca de llei europea, i els ajuntaments tenen marge fins a l&#8217;any 2025 per aplicar-la. \u00abEn el cas de Badalona, el govern d&#8217;Albiol ha tirat pel dret, contrari a l&#8217;opini\u00f3 del PSC\u00bb, conclou.  <\/p>\n","protected":false},"excerpt":{"rendered":"<p>Els terminis de pagament dels rebuts de les diferents taxes i impostos municipals a Badalona per a aquest any 2024 queden de la seg\u00fcent manera: Rebuts no domiciliats La segona fracci\u00f3 d\u2019aquesta taxa del mercat setmanal i dels encants i de la gesti\u00f3 administrativa dels mercats i precaris es cobraria de l\u20191 d\u2019octubre al 5 [&hellip;]<\/p>\n","protected":false},"author":2,"featured_media":6288,"comment_status":"open","ping_status":"open","sticky":false,"template":"","format":"standard","meta":{"footnotes":""},"categories":[23],"tags":[],"class_list":{"0":"post-6286","1":"post","2":"type-post","3":"status-publish","4":"format-standard","5":"has-post-thumbnail","7":"category-actualitat"},"_links":{"self":[{"href":"https:\/\/areabadalona.com\/diario\/wp-json\/wp\/v2\/posts\/6286","targetHints":{"allow":["GET"]}}],"collection":[{"href":"https:\/\/areabadalona.com\/diario\/wp-json\/wp\/v2\/posts"}],"about":[{"href":"https:\/\/areabadalona.com\/diario\/wp-json\/wp\/v2\/types\/post"}],"author":[{"embeddable":true,"href":"https:\/\/areabadalona.com\/diario\/wp-json\/wp\/v2\/users\/2"}],"replies":[{"embeddable":true,"href":"https:\/\/areabadalona.com\/diario\/wp-json\/wp\/v2\/comments?post=6286"}],"version-history":[{"count":1,"href":"https:\/\/areabadalona.com\/diario\/wp-json\/wp\/v2\/posts\/6286\/revisions"}],"predecessor-version":[{"id":6287,"href":"https:\/\/areabadalona.com\/diario\/wp-json\/wp\/v2\/posts\/6286\/revisions\/6287"}],"wp:featuredmedia":[{"embeddable":true,"href":"https:\/\/areabadalona.com\/diario\/wp-json\/wp\/v2\/media\/6288"}],"wp:attachment":[{"href":"https:\/\/areabadalona.com\/diario\/wp-json\/wp\/v2\/media?parent=6286"}],"wp:term":[{"taxonomy":"category","embeddable":true,"href":"https:\/\/areabadalona.com\/diario\/wp-json\/wp\/v2\/categories?post=6286"},{"taxonomy":"post_tag","embeddable":true,"href":"https:\/\/areabadalona.com\/diario\/wp-json\/wp\/v2\/tags?post=6286"}],"curies":[{"name":"wp","href":"https:\/\/api.w.org\/{rel}","templated":true}]}}