{"id":6079,"date":"2023-11-23T11:57:54","date_gmt":"2023-11-23T11:57:54","guid":{"rendered":"https:\/\/areabadalona.com\/diario\/?p=6079"},"modified":"2023-11-23T11:57:55","modified_gmt":"2023-11-23T11:57:55","slug":"dilluns-comenca-a-les-pistes-datletisme-paco-aguila-una-nova-edicio-del-badatletisme","status":"publish","type":"post","link":"https:\/\/areabadalona.com\/diario\/2023\/11\/23\/dilluns-comenca-a-les-pistes-datletisme-paco-aguila-una-nova-edicio-del-badatletisme\/","title":{"rendered":"Dilluns comen\u00e7a a les pistes d\u2019atletisme Paco \u00c1guila una nova edici\u00f3 del Badatletisme\u00a0"},"content":{"rendered":"\n<p>Prop de 1.600 alumnes de cinqu\u00e8 de prim\u00e0ria participaran en la nova edici\u00f3 del Badatletisme, una de les activitats incloses al Badasport que es celebrar\u00e0 a les <strong>pistes d\u2019atletisme Paco \u00c1guila del 27 al 30 de novembre i l\u20191 i 5 de desembre<\/strong>.&nbsp;<\/p>\n\n\n\n<p>El Badasport \u00e9s una iniciativa del Grup de Mestres d\u2019Educaci\u00f3 F\u00edsica de Badalona que promou la pr\u00e0ctica esportiva a les escoles a trav\u00e9s de sis modalitats mitjan\u00e7ant jocs preesportius, cooperatius i tradicionals, d\u2019esports com el corfbol i l\u2019atletisme, aix\u00ed com de proves d\u2019orientaci\u00f3 en un parc de la ciutat, i de diverses activitats l\u00fadiques a un poliesportiu i a la platja.&nbsp;<\/p>\n\n\n\n<p><strong>Canvi de data del Badacorfbol&nbsp;<\/strong><\/p>\n\n\n\n<p>L\u2019activitat del Badacorfbol es far\u00e0 a la Zona Esportiva Municipal Can Cabanyes <strong>els dies 2, 5, 6, 7 i 8 de febrer,<\/strong>&nbsp;i no del 5 al 9 de febrer, com estava programat inicialment.&nbsp;<\/p>\n\n\n\n<p>El Badasport 2023-24 est\u00e0 organitzat per Mestres d\u2019Educaci\u00f3 F\u00edsica de Badalona, pel Centre de Recursos Pedag\u00f2gics i pels Serveis d\u2019Educaci\u00f3 i d\u2019Esports de l\u2019Ajuntament de Badalona, amb la col\u00b7laboraci\u00f3 de diferents entitats.&nbsp;<\/p>\n","protected":false},"excerpt":{"rendered":"<p>Prop de 1.600 alumnes de cinqu\u00e8 de prim\u00e0ria participaran en la nova edici\u00f3 del Badatletisme, una de les activitats incloses al Badasport que es celebrar\u00e0 a les pistes d\u2019atletisme Paco \u00c1guila del 27 al 30 de novembre i l\u20191 i 5 de desembre.&nbsp; El Badasport \u00e9s una iniciativa del Grup de Mestres d\u2019Educaci\u00f3 F\u00edsica de [&hellip;]<\/p>\n","protected":false},"author":2,"featured_media":5815,"comment_status":"open","ping_status":"open","sticky":false,"template":"","format":"standard","meta":{"footnotes":""},"categories":[26],"tags":[],"class_list":{"0":"post-6079","1":"post","2":"type-post","3":"status-publish","4":"format-standard","5":"has-post-thumbnail","7":"category-esports"},"_links":{"self":[{"href":"https:\/\/areabadalona.com\/diario\/wp-json\/wp\/v2\/posts\/6079","targetHints":{"allow":["GET"]}}],"collection":[{"href":"https:\/\/areabadalona.com\/diario\/wp-json\/wp\/v2\/posts"}],"about":[{"href":"https:\/\/areabadalona.com\/diario\/wp-json\/wp\/v2\/types\/post"}],"author":[{"embeddable":true,"href":"https:\/\/areabadalona.com\/diario\/wp-json\/wp\/v2\/users\/2"}],"replies":[{"embeddable":true,"href":"https:\/\/areabadalona.com\/diario\/wp-json\/wp\/v2\/comments?post=6079"}],"version-history":[{"count":1,"href":"https:\/\/areabadalona.com\/diario\/wp-json\/wp\/v2\/posts\/6079\/revisions"}],"predecessor-version":[{"id":6080,"href":"https:\/\/areabadalona.com\/diario\/wp-json\/wp\/v2\/posts\/6079\/revisions\/6080"}],"wp:featuredmedia":[{"embeddable":true,"href":"https:\/\/areabadalona.com\/diario\/wp-json\/wp\/v2\/media\/5815"}],"wp:attachment":[{"href":"https:\/\/areabadalona.com\/diario\/wp-json\/wp\/v2\/media?parent=6079"}],"wp:term":[{"taxonomy":"category","embeddable":true,"href":"https:\/\/areabadalona.com\/diario\/wp-json\/wp\/v2\/categories?post=6079"},{"taxonomy":"post_tag","embeddable":true,"href":"https:\/\/areabadalona.com\/diario\/wp-json\/wp\/v2\/tags?post=6079"}],"curies":[{"name":"wp","href":"https:\/\/api.w.org\/{rel}","templated":true}]}}