{"id":6076,"date":"2023-11-23T09:42:32","date_gmt":"2023-11-23T09:42:32","guid":{"rendered":"https:\/\/areabadalona.com\/diario\/?p=6076"},"modified":"2023-11-23T09:42:32","modified_gmt":"2023-11-23T09:42:32","slug":"la-taula-dinfancia-i-adolescencia-de-badalona-organitza-la-jornada-per-a-la-infancia-drets-son-fets","status":"publish","type":"post","link":"https:\/\/areabadalona.com\/diario\/2023\/11\/23\/la-taula-dinfancia-i-adolescencia-de-badalona-organitza-la-jornada-per-a-la-infancia-drets-son-fets\/","title":{"rendered":"La Taula d&#8217;Inf\u00e0ncia i Adolesc\u00e8ncia de Badalona organitza la jornada Per a la Inf\u00e0ncia, Drets s\u00f3n Fets! \u00a0"},"content":{"rendered":"\n<p>En el marc del projecte \u201cBar\u00f2metre dels drets dels infants i adolescents a Badalona\u201d i de la 4a Setmana dels drets dels Infants, el <strong>divendres 24 de novembre, entre les 9.30 i les 13.30, l\u2019Espai Bet\u00falia \u2013 Centre de la paraula i les lletres <\/strong>(carrer d\u2019Enric Borr\u00e0s. 43-47) acollir\u00e0 la Jornada Per a la Inf\u00e0ncia, Drets s\u00f3n Fets!\u201d organitzada per la Taula d\u2019Inf\u00e0ncia i Adolesc\u00e8ncia de Badalona (TIAB). A la jornada hi poden participar professionals que treballen a la ciutat en l\u2019\u00e0mbit de l\u2019atenci\u00f3 als infants i adolescents o qualsevol persona interessada en aquest tema&nbsp;<\/p>\n\n\n\n<p>La jornada s\u2019obrir\u00e0 amb la lectura del Manifest 2023 de la TIAB, que tindr\u00e0 per t\u00edtol el mateix lema de la Jornada: \u201cPer a la inf\u00e0ncia, drets s\u00f3n fets!\u201d. Aquest \u00e9s el segon any que, coincidint amb la celebraci\u00f3 el 20 de novembre del Dia Internacional dels Drets dels Infants, la TIAB fa un manifest que pret\u00e9n fer d\u2019altaveu d\u2019aquells temes principals que preocupen i ocupen als seus membres, en relaci\u00f3 als drets dels infants.&nbsp;<\/p>\n\n\n\n<p>Al final de la Jornada es celebrar\u00e0 el set\u00e8 aniversari de la TIAB que es va constituir formalment el 10 de novembre de 2016. Des de llavors s\u2019han anat incorporant nous membres a la Taula i actualment formen part d\u2019aquesta m\u00e9s d\u2019un centenar de serveis i entitats que treballen a la ciutat per i amb els infants, adolescents i les seves fam\u00edlies.&nbsp;<\/p>\n\n\n\n<p>La TIAB \u00e9s una estructura de treball transversal i en xarxa, orientada a potenciar l\u2019acci\u00f3 cooperativa entre el conjunt d\u2019actors que treballen a la ciutat, des de diferents \u00e0mbits (social, educatiu, socioeducatiu, cultural, de salut, esports, urbanisme, etc.), amb infants i adolescents de 0 a 18 anys.&nbsp;<\/p>\n\n\n\n<p>Si voleu podeu consultar el programa de la jornada en aquest enlla\u00e7: <a href=\"https:\/\/tiab-badalona.cat\/wp-content\/uploads\/2023\/11\/programa-jornada-24n-def.pdf\">https:\/\/tiab-badalona.cat\/wp-content\/uploads\/2023\/11\/programa-jornada-24n-def.pdf<\/a> : &nbsp;<\/p>\n","protected":false},"excerpt":{"rendered":"<p>En el marc del projecte \u201cBar\u00f2metre dels drets dels infants i adolescents a Badalona\u201d i de la 4a Setmana dels drets dels Infants, el divendres 24 de novembre, entre les 9.30 i les 13.30, l\u2019Espai Bet\u00falia \u2013 Centre de la paraula i les lletres (carrer d\u2019Enric Borr\u00e0s. 43-47) acollir\u00e0 la Jornada Per a la Inf\u00e0ncia, [&hellip;]<\/p>\n","protected":false},"author":2,"featured_media":6077,"comment_status":"open","ping_status":"open","sticky":false,"template":"","format":"standard","meta":{"footnotes":""},"categories":[23,24],"tags":[],"class_list":{"0":"post-6076","1":"post","2":"type-post","3":"status-publish","4":"format-standard","5":"has-post-thumbnail","7":"category-actualitat","8":"category-societat"},"_links":{"self":[{"href":"https:\/\/areabadalona.com\/diario\/wp-json\/wp\/v2\/posts\/6076","targetHints":{"allow":["GET"]}}],"collection":[{"href":"https:\/\/areabadalona.com\/diario\/wp-json\/wp\/v2\/posts"}],"about":[{"href":"https:\/\/areabadalona.com\/diario\/wp-json\/wp\/v2\/types\/post"}],"author":[{"embeddable":true,"href":"https:\/\/areabadalona.com\/diario\/wp-json\/wp\/v2\/users\/2"}],"replies":[{"embeddable":true,"href":"https:\/\/areabadalona.com\/diario\/wp-json\/wp\/v2\/comments?post=6076"}],"version-history":[{"count":1,"href":"https:\/\/areabadalona.com\/diario\/wp-json\/wp\/v2\/posts\/6076\/revisions"}],"predecessor-version":[{"id":6078,"href":"https:\/\/areabadalona.com\/diario\/wp-json\/wp\/v2\/posts\/6076\/revisions\/6078"}],"wp:featuredmedia":[{"embeddable":true,"href":"https:\/\/areabadalona.com\/diario\/wp-json\/wp\/v2\/media\/6077"}],"wp:attachment":[{"href":"https:\/\/areabadalona.com\/diario\/wp-json\/wp\/v2\/media?parent=6076"}],"wp:term":[{"taxonomy":"category","embeddable":true,"href":"https:\/\/areabadalona.com\/diario\/wp-json\/wp\/v2\/categories?post=6076"},{"taxonomy":"post_tag","embeddable":true,"href":"https:\/\/areabadalona.com\/diario\/wp-json\/wp\/v2\/tags?post=6076"}],"curies":[{"name":"wp","href":"https:\/\/api.w.org\/{rel}","templated":true}]}}