{"id":6072,"date":"2023-11-22T12:58:11","date_gmt":"2023-11-22T12:58:11","guid":{"rendered":"https:\/\/areabadalona.com\/diario\/?p=6072"},"modified":"2023-11-22T12:58:12","modified_gmt":"2023-11-22T12:58:12","slug":"dissabte-sil%c2%b7luminara-de-color-lila-la-facana-del-museu-de-badalona-i-de-ledifici-de-capitania-del-port-en-el-dia-internacional-per-a-leliminacio-de-la-violencia-envers","status":"publish","type":"post","link":"https:\/\/areabadalona.com\/diario\/2023\/11\/22\/dissabte-sil%c2%b7luminara-de-color-lila-la-facana-del-museu-de-badalona-i-de-ledifici-de-capitania-del-port-en-el-dia-internacional-per-a-leliminacio-de-la-violencia-envers\/","title":{"rendered":"Dissabte s\u2019il\u00b7luminar\u00e0 de color lila la fa\u00e7ana del Museu de Badalona i de l\u2019Edifici de Capitania del Port en el Dia Internacional per a l\u2019Eliminaci\u00f3 de la Viol\u00e8ncia envers les Dones\u00a0"},"content":{"rendered":"\n<p>La fa\u00e7ana del Museu de Badalona i l\u2019Edifici de Capitania del Port de Badalona s\u2019il\u00b7luminaran aquest <strong>dissabte, 25 de novembre, a partir de 17.30 hores<\/strong>, de color lila amb motiu de la celebraci\u00f3 del Dia Internacional &nbsp;per a l\u2019Eliminaci\u00f3 de la Viol\u00e8ncia envers les Dones. Amb aquest gest es vol denunciar la viol\u00e8ncia que s\u2019exerceix sobre les dones a tot el m\u00f3n i per reclamar pol\u00edtiques per a la seva eradicaci\u00f3&nbsp;<\/p>\n\n\n\n<p><strong>Dijous dia 23, a les 17.30 hores, a la pla\u00e7a de la Vila<\/strong>, es celebrar\u00e0 l\u2019acte institucional en commemoraci\u00f3 al &nbsp;Dia Internacional&nbsp; per a l\u2019Eliminaci\u00f3 de la Viol\u00e8ncia envers les Dones on es llegir\u00e0 els manifest unitari per part dels diferents grups pol\u00edtics amb representaci\u00f3 a l\u2019Ajuntament.&nbsp;<\/p>\n\n\n\n<p>L\u2019acte comptar\u00e0 amb la pres\u00e8ncia de l\u2019alcalde de Badalona, Xavier Garcia Albiol; de la segona tinenta d\u2019alcaldia i regidora de l\u2019\u00c0mbit d\u2019Impuls Econ\u00f2mic i Ciutat, Treball, Cultura, Ciutadania i Govern, Cristina Ag\u00fcera, i de la regidora de l\u2019\u00c0rea de Gent Gran, Feminismes i LGTBIQ+ i Diversitat Funcional, Florencia Badia.&nbsp;<\/p>\n\n\n\n<p>La lectura del manifest \u00e9s una mostra de la voluntat del consistori badalon\u00ed per incidir en l\u2019eradicaci\u00f3 de la viol\u00e8ncia masclista i per construir ponts perqu\u00e8 les properes generacions vagin perdent el referent d\u2019una cultura destructiva front una altra que promogui noves formes de relaci\u00f3 entre les dones i els homes basades en el respecte, en la vida i els drets humans.&nbsp;<\/p>\n\n\n\n<div><a href=\"https:\/\/areabadalona.com\/diario\/wp-content\/uploads\/2023\/11\/Triptic-Programes-activitats-25-de-novembre-1-2-1024x678.jpg\" class=\"td-modal-image\"><figure class=\"wp-block-image size-large\"><img loading=\"lazy\" decoding=\"async\" width=\"1024\" height=\"678\" src=\"https:\/\/areabadalona.com\/diario\/wp-content\/uploads\/2023\/11\/Triptic-Programes-activitats-25-de-novembre-1-2-1024x678.jpg\" alt=\"\" class=\"wp-image-6073\" srcset=\"https:\/\/areabadalona.com\/diario\/wp-content\/uploads\/2023\/11\/Triptic-Programes-activitats-25-de-novembre-1-2-1024x678.jpg 1024w, https:\/\/areabadalona.com\/diario\/wp-content\/uploads\/2023\/11\/Triptic-Programes-activitats-25-de-novembre-1-2-300x199.jpg 300w, https:\/\/areabadalona.com\/diario\/wp-content\/uploads\/2023\/11\/Triptic-Programes-activitats-25-de-novembre-1-2-768x508.jpg 768w, https:\/\/areabadalona.com\/diario\/wp-content\/uploads\/2023\/11\/Triptic-Programes-activitats-25-de-novembre-1-2-150x99.jpg 150w, https:\/\/areabadalona.com\/diario\/wp-content\/uploads\/2023\/11\/Triptic-Programes-activitats-25-de-novembre-1-2-696x461.jpg 696w, https:\/\/areabadalona.com\/diario\/wp-content\/uploads\/2023\/11\/Triptic-Programes-activitats-25-de-novembre-1-2-1068x707.jpg 1068w, https:\/\/areabadalona.com\/diario\/wp-content\/uploads\/2023\/11\/Triptic-Programes-activitats-25-de-novembre-1-2.jpg 1200w\" sizes=\"auto, (max-width: 1024px) 100vw, 1024px\" \/><\/figure><\/a><\/div>\n","protected":false},"excerpt":{"rendered":"<p>La fa\u00e7ana del Museu de Badalona i l\u2019Edifici de Capitania del Port de Badalona s\u2019il\u00b7luminaran aquest dissabte, 25 de novembre, a partir de 17.30 hores, de color lila amb motiu de la celebraci\u00f3 del Dia Internacional &nbsp;per a l\u2019Eliminaci\u00f3 de la Viol\u00e8ncia envers les Dones. Amb aquest gest es vol denunciar la viol\u00e8ncia que s\u2019exerceix [&hellip;]<\/p>\n","protected":false},"author":2,"featured_media":6074,"comment_status":"open","ping_status":"open","sticky":false,"template":"","format":"standard","meta":{"footnotes":""},"categories":[23,24],"tags":[],"class_list":{"0":"post-6072","1":"post","2":"type-post","3":"status-publish","4":"format-standard","5":"has-post-thumbnail","7":"category-actualitat","8":"category-societat"},"_links":{"self":[{"href":"https:\/\/areabadalona.com\/diario\/wp-json\/wp\/v2\/posts\/6072","targetHints":{"allow":["GET"]}}],"collection":[{"href":"https:\/\/areabadalona.com\/diario\/wp-json\/wp\/v2\/posts"}],"about":[{"href":"https:\/\/areabadalona.com\/diario\/wp-json\/wp\/v2\/types\/post"}],"author":[{"embeddable":true,"href":"https:\/\/areabadalona.com\/diario\/wp-json\/wp\/v2\/users\/2"}],"replies":[{"embeddable":true,"href":"https:\/\/areabadalona.com\/diario\/wp-json\/wp\/v2\/comments?post=6072"}],"version-history":[{"count":1,"href":"https:\/\/areabadalona.com\/diario\/wp-json\/wp\/v2\/posts\/6072\/revisions"}],"predecessor-version":[{"id":6075,"href":"https:\/\/areabadalona.com\/diario\/wp-json\/wp\/v2\/posts\/6072\/revisions\/6075"}],"wp:featuredmedia":[{"embeddable":true,"href":"https:\/\/areabadalona.com\/diario\/wp-json\/wp\/v2\/media\/6074"}],"wp:attachment":[{"href":"https:\/\/areabadalona.com\/diario\/wp-json\/wp\/v2\/media?parent=6072"}],"wp:term":[{"taxonomy":"category","embeddable":true,"href":"https:\/\/areabadalona.com\/diario\/wp-json\/wp\/v2\/categories?post=6072"},{"taxonomy":"post_tag","embeddable":true,"href":"https:\/\/areabadalona.com\/diario\/wp-json\/wp\/v2\/tags?post=6072"}],"curies":[{"name":"wp","href":"https:\/\/api.w.org\/{rel}","templated":true}]}}