{"id":6066,"date":"2023-11-22T11:22:50","date_gmt":"2023-11-22T11:22:50","guid":{"rendered":"https:\/\/areabadalona.com\/diario\/?p=6066"},"modified":"2023-11-22T11:22:50","modified_gmt":"2023-11-22T11:22:50","slug":"el-parc-de-les-muntanyetes-acollira-aquest-diumenge-26-de-novembre-la-29a-edicio-del-mercat-del-trasto","status":"publish","type":"post","link":"https:\/\/areabadalona.com\/diario\/2023\/11\/22\/el-parc-de-les-muntanyetes-acollira-aquest-diumenge-26-de-novembre-la-29a-edicio-del-mercat-del-trasto\/","title":{"rendered":"El Parc de les Muntanyetes acollir\u00e0 aquest diumenge 26 de novembre la 29a edici\u00f3 del Mercat del Trasto\u00a0"},"content":{"rendered":"\n<p>El ja tradicional Mercat del Trasto de Badalona celebrar\u00e0 la seva 29a edici\u00f3 aquest diumenge 26 de novembre al Parc de les Muntanyetes del barri del Puigfred. Es tracta d\u2019una fira on els ciutadans i les associacions sense \u00e0nim de lucre poden vendre els seus objectes de segona m\u00e0. El mercat promou la reutilitzaci\u00f3, dona valor als objectes usats que estiguin en bon estat perqu\u00e8 no es converteixin en residus i, alhora, donin servei a persones que els necessitin. \u00c9s per aix\u00f2 que el mercat s\u2019emmarca en les actuacions de la Setmana Europea de Prevenci\u00f3 de Residus. Enguany hi participen 254 parades.&nbsp;<\/p>\n\n\n\n<p><strong>Un Mercat del Trasto amb vessant solidari&nbsp;<\/strong><\/p>\n\n\n\n<p>En aquesta edici\u00f3 i com s\u2019ha fet en altres anys, totes les persones que hi posin una parada hauran d\u2019aportar, com a m\u00ednim, un quilo de menjar envasat (preferiblement arr\u00f2s, pasta, llegums, oli o llet) que es donar\u00e0 al Banc d\u2019Aliments de Badalona. A m\u00e9s, qualsevol persona que ho desitgi, podr\u00e0 fer aportacions de menjar, ja que hi haur\u00e0 un punt de recollida espec\u00edfic obert a tothom. La recollida d\u2019aliments destinats a les persones m\u00e9s necessitades es far\u00e0 gr\u00e0cies a la col\u00b7laboraci\u00f3 de l\u2019Associaci\u00f3 Social Amics del Gorg Mar.&nbsp;<\/p>\n\n\n\n<p>Tamb\u00e9, tal com s\u2019ha anat fent en les \u00faltimes edicions, es tindr\u00e0 una cura especial en la recuperaci\u00f3 de residus que genera el mercat, sobretot pel que fa a la roba. En aquesta edici\u00f3 col\u00b7labora la Fundaci\u00f3 Formaci\u00f3 i Treball, una entitat que desenvolupa serveis que permeten assolir la inserci\u00f3 laboral de persones en risc d\u2019exclusi\u00f3 i que, en el cas del Mercat del Trasto, gestionar\u00e0 i revaloritzar\u00e0 la roba per tal que no es converteixi en residu. Aix\u00ed, totes les peces de roba que els paradistes no hagin venut i vulguin llen\u00e7ar es recolliran en uns contenidors espec\u00edfics per garantir la seva recuperaci\u00f3 o reciclatge.&nbsp;<\/p>\n\n\n\n<p><strong>L\u2019Espai d\u2019Aigua Sostenible&nbsp;<\/strong><\/p>\n\n\n\n<p>Aquesta edici\u00f3 del Mercat del Trasto tamb\u00e9 comptar\u00e0, amb la col\u00b7laboraci\u00f3 d\u2019Aig\u00fces de Barcelona, amb un espai l\u00fadic i educatiu dedicat especialment a les nenes i nens d\u2019entre 3 i 12 anys. Es tracta de l&#8217;Espai d&#8217;Aigua Sostenible on els m\u00e9s petits, podran descobrir, mitjan\u00e7ant activitats dinamitzades, el cicle antr\u00f2pic de l&#8217;aigua i com, entre tots, cal tenir cura d&#8217;aquest recurs tan valu\u00f3s. Un espai de joc per tal de con\u00e8ixer la sostenibilitat i el futur del planeta.&nbsp;<\/p>\n\n\n\n<p>La regidora de Medi Ambient de l\u2019Ajuntament de Badalona, S\u00f2nia Egea, ha assenyalat que: \u201cEl Mercat del Trasto \u00e9s un esdeveniment molt esperat en aquestes dates prenadalenques per l\u2019ambient festiu que s\u2019hi respira. A m\u00e9s, tothom que hi participa, sigui com a paradista o com a p\u00fablic comprador, contribueix a la reutilitzaci\u00f3 i la reducci\u00f3 de residus, beneficiant el medi ambient i estalviant recursos de les administracions p\u00fabliques, reduint la gesti\u00f3 dels residus\u201d.&nbsp;<\/p>\n","protected":false},"excerpt":{"rendered":"<p>El ja tradicional Mercat del Trasto de Badalona celebrar\u00e0 la seva 29a edici\u00f3 aquest diumenge 26 de novembre al Parc de les Muntanyetes del barri del Puigfred. Es tracta d\u2019una fira on els ciutadans i les associacions sense \u00e0nim de lucre poden vendre els seus objectes de segona m\u00e0. El mercat promou la reutilitzaci\u00f3, dona [&hellip;]<\/p>\n","protected":false},"author":2,"featured_media":6067,"comment_status":"open","ping_status":"open","sticky":false,"template":"","format":"standard","meta":{"footnotes":""},"categories":[23,24],"tags":[],"class_list":{"0":"post-6066","1":"post","2":"type-post","3":"status-publish","4":"format-standard","5":"has-post-thumbnail","7":"category-actualitat","8":"category-societat"},"_links":{"self":[{"href":"https:\/\/areabadalona.com\/diario\/wp-json\/wp\/v2\/posts\/6066","targetHints":{"allow":["GET"]}}],"collection":[{"href":"https:\/\/areabadalona.com\/diario\/wp-json\/wp\/v2\/posts"}],"about":[{"href":"https:\/\/areabadalona.com\/diario\/wp-json\/wp\/v2\/types\/post"}],"author":[{"embeddable":true,"href":"https:\/\/areabadalona.com\/diario\/wp-json\/wp\/v2\/users\/2"}],"replies":[{"embeddable":true,"href":"https:\/\/areabadalona.com\/diario\/wp-json\/wp\/v2\/comments?post=6066"}],"version-history":[{"count":1,"href":"https:\/\/areabadalona.com\/diario\/wp-json\/wp\/v2\/posts\/6066\/revisions"}],"predecessor-version":[{"id":6068,"href":"https:\/\/areabadalona.com\/diario\/wp-json\/wp\/v2\/posts\/6066\/revisions\/6068"}],"wp:featuredmedia":[{"embeddable":true,"href":"https:\/\/areabadalona.com\/diario\/wp-json\/wp\/v2\/media\/6067"}],"wp:attachment":[{"href":"https:\/\/areabadalona.com\/diario\/wp-json\/wp\/v2\/media?parent=6066"}],"wp:term":[{"taxonomy":"category","embeddable":true,"href":"https:\/\/areabadalona.com\/diario\/wp-json\/wp\/v2\/categories?post=6066"},{"taxonomy":"post_tag","embeddable":true,"href":"https:\/\/areabadalona.com\/diario\/wp-json\/wp\/v2\/tags?post=6066"}],"curies":[{"name":"wp","href":"https:\/\/api.w.org\/{rel}","templated":true}]}}