{"id":6063,"date":"2023-11-22T09:49:22","date_gmt":"2023-11-22T09:49:22","guid":{"rendered":"https:\/\/areabadalona.com\/diario\/?p=6063"},"modified":"2023-11-22T09:49:22","modified_gmt":"2023-11-22T09:49:22","slug":"lajuntament-de-badalona-augmentara-un-17-el-seu-pressupost-per-a-lexercici-2024","status":"publish","type":"post","link":"https:\/\/areabadalona.com\/diario\/2023\/11\/22\/lajuntament-de-badalona-augmentara-un-17-el-seu-pressupost-per-a-lexercici-2024\/","title":{"rendered":"L\u2019Ajuntament de Badalona augmentar\u00e0 un 17% el seu pressupost per a l\u2019exercici 2024\u00a0"},"content":{"rendered":"\n<p>L\u2019Ajuntament de Badalona tindr\u00e0 per a l\u2019exercici de l\u2019any 2024 un pressupost de 223.577.693,20 euros, un xifra que suposa un augment del 17% respecte als comptes de l\u2019exercici 2023, que se situaven en 190.902.585,51 euros. Aquest increment de gaireb\u00e9 33 milions d\u2019euros ha estat desglossat aquest dimarts al mat\u00ed per l\u2019alcalde de Badalona, Xavier Garcia Albiol, i el tinent d\u2019alcaldia de l\u2019\u00c0mbit d\u2019Hisenda i Finances, Recursos Interns, Esports i Seguretat, Juan Fern\u00e0ndez, en una roda de premsa en qu\u00e8 han avan\u00e7at que la proposta de pressupost es portar\u00e0 a l\u2019aprovaci\u00f3 del Ple en la sessi\u00f3 ordin\u00e0ria del mes de novembre, prevista per al pr\u00f2xim dilluns 27. &nbsp;<\/p>\n\n\n\n<p>Els comptes per a l\u2019any 2024 inclouen un increment de recursos en totes les \u00e0rees de l\u2019Ajuntament. Entre els augments m\u00e9s destacats, entre altres, es situen els \u00e0mbits de seguretat (+83%), pol\u00edtiques socials (+15%), promoci\u00f3 econ\u00f2mica (+16%), esports (+79%), cultura (26%), participaci\u00f3 (37%), manteniment d\u2019edificis (10%), via p\u00fablica (+16%) i els recursos humans (24%).&nbsp;<\/p>\n\n\n\n<p>L\u2019increment en l\u2019apartat de despeses de personal servir\u00e0 per cobrir 110 places p\u00fabliques que ja estan creades, per\u00f2 que actualment no estan ocupades i que no tenien una dotaci\u00f3 econ\u00f2mica per ser prove\u00efdes. Aquest fet permetr\u00e0 millorar els serveis que s\u2019ofereixen als ciutadans i augmentar l\u2019efic\u00e0cia i efici\u00e8ncia de l\u2019administraci\u00f3 municipal. L\u2019augment en els recursos humans tamb\u00e9 inclou la dotaci\u00f3 del personal necessari per al funcionament \u00f2ptim de la regidora contra les okupacions i l\u2019establiment d\u2019un pla de carrera professional i de retribuci\u00f3 per objectius d\u2019efici\u00e8ncia per als treballadors municipals. &nbsp;<\/p>\n\n\n\n<p>En el cas de les partides de l\u2019\u00e0rea de Via P\u00fablica, l\u2019augment preveu l\u2019actualitzaci\u00f3 i consolidaci\u00f3 de tots els contractes que a hores d\u2019ara estan caducats o en pr\u00f2rroga i tamb\u00e9 la licitaci\u00f3 i posada en marxa en el segon trimestre de l\u2019any 2024 del nou contracte de neteja. &nbsp;<\/p>\n\n\n\n<p>L\u2019alcalde de Badalona, Xavier Garcia Albiol, ha explicat durant la presentaci\u00f3 de la proposta que \u201cl\u2019increment pressupostari de 33 milions que plantegem \u00e9s el m\u00e9s gran que s\u2019ha fet a l\u2019Ajuntament de Badalona en els \u00faltims 25 anys i ens situa al capdavant de les ciutats de Catalunya de la nostra grand\u00e0ria\u201d. Garcia Albiol ha destacat que \u201cen un any, els comptes municipals han crescut tant com ho havien fet en els darrers sis, fet que s\u2019ha pogut aconseguir gr\u00e0cies a l\u2019estabilitat institucional i pol\u00edtica, que \u00e9s fruit d\u2019all\u00f2 que van expressar a les urnes els ve\u00efns de Badalona\u201d. \u201cAquesta estabilitat tamb\u00e9 implica que per primer cop en dotze anys el nou pressupost entri en vigor l\u20191 de gener\u201d, ha remarcat l\u2019alcalde de Badalona. &nbsp;<\/p>\n\n\n\n<p>Durant la seva intervenci\u00f3, Garcia Albiol ha explicat que la proposta pressupost\u00e0ria \u201cbusca impulsar la ciutat en tots els seus \u00e0mbits i revertir la situaci\u00f3 organitzativa actual per tal de poder afrontar en els pr\u00f2xims exercicis grans projectes que ens portin cap a la Badalona que volem i que ens agrada\u201d. En aquest sentit, l\u2019alcalde ha explicat que \u201ctenim previst presentar durant el mes de gener un annex amb totes les inversions plantejades per a l\u2019any 2024, que inclour\u00e0 reforma de carrers i edificis municipals i la construcci\u00f3 de noves infraestructures necess\u00e0ries per a la ciutat\u201d. &nbsp;<\/p>\n","protected":false},"excerpt":{"rendered":"<p>L\u2019Ajuntament de Badalona tindr\u00e0 per a l\u2019exercici de l\u2019any 2024 un pressupost de 223.577.693,20 euros, un xifra que suposa un augment del 17% respecte als comptes de l\u2019exercici 2023, que se situaven en 190.902.585,51 euros. Aquest increment de gaireb\u00e9 33 milions d\u2019euros ha estat desglossat aquest dimarts al mat\u00ed per l\u2019alcalde de Badalona, Xavier Garcia [&hellip;]<\/p>\n","protected":false},"author":2,"featured_media":6064,"comment_status":"open","ping_status":"open","sticky":false,"template":"","format":"standard","meta":{"footnotes":""},"categories":[23],"tags":[],"class_list":{"0":"post-6063","1":"post","2":"type-post","3":"status-publish","4":"format-standard","5":"has-post-thumbnail","7":"category-actualitat"},"_links":{"self":[{"href":"https:\/\/areabadalona.com\/diario\/wp-json\/wp\/v2\/posts\/6063","targetHints":{"allow":["GET"]}}],"collection":[{"href":"https:\/\/areabadalona.com\/diario\/wp-json\/wp\/v2\/posts"}],"about":[{"href":"https:\/\/areabadalona.com\/diario\/wp-json\/wp\/v2\/types\/post"}],"author":[{"embeddable":true,"href":"https:\/\/areabadalona.com\/diario\/wp-json\/wp\/v2\/users\/2"}],"replies":[{"embeddable":true,"href":"https:\/\/areabadalona.com\/diario\/wp-json\/wp\/v2\/comments?post=6063"}],"version-history":[{"count":1,"href":"https:\/\/areabadalona.com\/diario\/wp-json\/wp\/v2\/posts\/6063\/revisions"}],"predecessor-version":[{"id":6065,"href":"https:\/\/areabadalona.com\/diario\/wp-json\/wp\/v2\/posts\/6063\/revisions\/6065"}],"wp:featuredmedia":[{"embeddable":true,"href":"https:\/\/areabadalona.com\/diario\/wp-json\/wp\/v2\/media\/6064"}],"wp:attachment":[{"href":"https:\/\/areabadalona.com\/diario\/wp-json\/wp\/v2\/media?parent=6063"}],"wp:term":[{"taxonomy":"category","embeddable":true,"href":"https:\/\/areabadalona.com\/diario\/wp-json\/wp\/v2\/categories?post=6063"},{"taxonomy":"post_tag","embeddable":true,"href":"https:\/\/areabadalona.com\/diario\/wp-json\/wp\/v2\/tags?post=6063"}],"curies":[{"name":"wp","href":"https:\/\/api.w.org\/{rel}","templated":true}]}}